{"id":88080,"date":"2014-09-18T09:13:26","date_gmt":"2014-09-18T09:13:26","guid":{"rendered":"https:\/\/dks.digital\/blog\/sin-categoria\/compartir-es-lo-mas-enriquecedor-que-me-llevo-de-dks\/"},"modified":"2014-09-18T09:13:26","modified_gmt":"2014-09-18T09:13:26","slug":"compartir-es-lo-mas-enriquecedor-que-me-llevo-de-dks","status":"publish","type":"post","link":"https:\/\/dks.digital\/mx\/blog\/marketing\/compartir-es-lo-mas-enriquecedor-que-me-llevo-de-dks\/","title":{"rendered":"&#8220;Compartir es lo m\u00e1s enriquecedor que me llevo de DKS&#8221;"},"content":{"rendered":"<p><a href=\"https:\/\/twitter.com\/pablocarmenado\" target=\"_blank\" rel=\"noopener noreferrer\">Pablo S\u00e1nchez<\/a> es actualmente Director de Marketing en Palabra, editorial con m\u00e1s de 40 a\u00f1os en el mercado espa\u00f1ol, italiano y Latam. Antes ocup\u00f3 el mismo puesto en Grupo Jubilo (Planeta) durante 3 a\u00f1os y previamente 12 en Vocento, en el departamento de publicidad. Con casi de 20 a\u00f1os de experiencia en comercializaci\u00f3n de espacios publicitarios en medios de comunicaci\u00f3n, los \u00faltimos 6 a\u00f1os como directivo del \u00e1rea de Marketing y Publicidad, tiene una s\u00f3lida experiencia en el desarrollo de nuevos negocios, definici\u00f3n y coordinaci\u00f3n de estrategias y planes de marketing, y dise\u00f1o y gesti\u00f3n de eventos corporativos. Orientado a resultados y a la consecuci\u00f3n de objetivos con gran capacidad de comunicaci\u00f3n y relaci\u00f3n (interna\/externa) y variado nivel de interlocuci\u00f3n. Su \u00faltima aventura ha sido cursar el M\u00e1ster de T\u00e9cnicas de Marketing Online.<\/p>\n<p><strong>\u00bfCu\u00e1l es tu perfil? H\u00e1blanos un poco de ti&#8230; <\/strong><br \/>\nPersonalmente siempre me gusta decir que soy madrile\u00f1o, orgulloso padre de 5 hijos del Atleti y gracias a mi mujer puedo realizar muchos y variados proyectos como los Drinking runners y el proyecto solidario #kmsXalimentos. Profesionalmente llevo casi 20 a\u00f1os trabajando en medios de comunicaci\u00f3n, Vocento, Planeta y ahora Palabra como responsable de los departamentos de publicidad en prensa o revistas (capitaci\u00f3n de publicidad, lanzamiento de nuevos soportes o coordinaci\u00f3n de proyectos nacionales con la prensa regional) y los \u00faltimos 6 a\u00f1os m\u00e1s centrado en liderar el departamento de marketing y desarrollo online. Lanzamiento de libros en papel o digital, revistas, p\u00e1ginas web e implantaci\u00f3n de estrategia en redes sociales.<\/p>\n<p><strong>\u00bfC\u00f3mo surge la idea de hacer el Master de T\u00e9cnicas de Marketing Online? <\/strong><br \/>\nHab\u00eda realizado previamente dos master y en Palabra me incorporaron precisamente para hacer la transici\u00f3n del OFF al ON. Pero notaba carencias, disfruto a diario del mundo digital y soy muy activo en redes sociales personal y profesionalmente. Realizar una correcta implementaci\u00f3n de estrategias digitales y sobre todo la parte m\u00e1s importante desmigar la \u00a0anal\u00edtica web son fundamentales. Conocer d\u00f3nde conducen mis esfuerzos y llevar un correcto seguimiento de los mismos para optimizar la mayor o menor inversi\u00f3n que tenga es b\u00e1sico en cualquier trabajo y m\u00e1s si es un ecommerce. Dentro de las diferentes escuelas espec\u00edficas que hay en el entorno digital \u00a0era una de mis preferidas por diversas razones. La m\u00e1s destacada es que <strong>Trist\u00e1n <\/strong>y <strong>Gemma <\/strong>o Gemma y Trist\u00e1n son dos excelentes personas con una capacidad de comunicaci\u00f3n espectacular. Su trayectoria profesional es de sobra conocida. Y ya imaginas entre tweets y Selfies como para no ser la mejor opci\u00f3n.<\/p>\n<p><strong>\u00bfQu\u00e9 destacar\u00edas del M\u00e1ster? <\/strong><br \/>\nEl Master como todos lo hacen las personas, los profesores y alumnos en funci\u00f3n de su implicaci\u00f3n se logra un mayor o menor resultado. Aqu\u00ed quiero destacar que pr\u00e1cticamente todos se han esforzado por crecer todos en estos 5 meses y que aprovechemos los conocimientos de cada uno. Compartir es lo m\u00e1s enriquecedor que me llevo de <strong>DKS<\/strong>. Todos son profesionales en diferentes sectores y puestos. Sus experiencias y la extrapolaci\u00f3n de los conocimientos a las situaciones cotidianas de cada uno nos ayud\u00f3 mucho. Vimos infinidad de Business Case reales con sus primeros directivos cont\u00e1ndote la <strong>CLAVE<\/strong> de su \u00e9xito o sobre todo fracaso y eso enriquece y te anima a usar en todo test A, Test B o incluso Test C, ya me entiendes.<\/p>\n<p><strong>\u00bfY de los Profesores? \u00bfA qui\u00e9n destacar\u00edas? <\/strong><br \/>\nJajaja estoy a\u00fan esperando la entrega d diplomas, \u00bfc\u00f3mo me hac\u00e9is esto? De todos he sacado al menos una idea, clave o soluci\u00f3n para implementar desde el primer minuto en mi trabajo pero ser\u00eda injusto no destacar a <strong>Nacho Carnes,<\/strong> simplemente espectacular su capacidad de implicaci\u00f3n personal con cada alumno, <strong>Fernando Aparicio <\/strong>y <strong>Fernando Maci\u00e1 <\/strong>con el SEO y Ecommerce respectivamente dos m\u00f3dulos que necesitaba de manera urgente y que resolvieron muchas dudas y dieron bastantes pistas. \u00a0<strong>Gemma Mu\u00f1oz <\/strong>pufff como para no aprovechar la clase, si parec\u00edamos alumnos de primaria asustados ante su \u00edmpetu y capacidad de captar la atenci\u00f3n y mandar deberes y deberes para aplicar los conocimientos. Y <strong>Pilar Martinez<\/strong> quiz\u00e1s falto tiempo para descubrir m\u00e1s claves del Mobile pero nos mostr\u00f3 todo lo que ya existe que es m\u00e1s de lo que vemos.\u00a0Una vez finalizado el M\u00e1ster<\/p>\n<p><strong>\u00bfQu\u00e9 te ha aportado profesionalmente? \u00bfy personalmente? <\/strong><br \/>\nTerminar un Master produce varios efectos;<br \/>\n&#8211; El primero es el famoso \u201cPor Fin\u201d<br \/>\n&#8211; luego el momento \u201cMadre m\u00eda\u201d como pongo todo esto en pr\u00e1ctica y lo hare bien<br \/>\n&#8211; El \u00faltimo en este caso es coger la presentaci\u00f3n de <strong>Trist\u00e1n <\/strong>y nada como un buen <strong>Funnel<\/strong> y <strong>dasahboard. <\/strong>Dicho esto \u00a0el plan de Marketing de <strong>Palabra, <\/strong>mi empresa, en 2015 tendr\u00e1 un desarrollo muy diferente al de 2014 \u00a0ser\u00e1 m\u00e1s ambicioso y realista en el entorno online porque he aprendido a marcar las kpi\u00b4s optimizar los esfuerzos, \u00a0detectar los errores o mejoras a diario y saber d\u00f3nde dirigirme para seguir siendo rentables a un menor coste. Creo que mi jefa lo valorara positivamente sobre todo esto \u00faltimo.<\/p>\n<p>Personalmente, compartir pupitre, desayuno, madrugones con profesionales, alumnos o profesores siempre te ayuda a mejorar y encontrar nuevas amistades que servir\u00e1n en el camino. Mi compa\u00f1era de proyecto Josune ha sido un complemento perfecto, desde el primer d\u00eda la complicidad generada entre los dos y la empat\u00eda despertada en los profesores o la empresa elegida, en nuestro caso <strong>Sockaholic <\/strong>nos ha hecho disfrutar un buen verano. El <strong>awareness<\/strong> ha sido laborioso, el <strong>consideration<\/strong> necesario pero lo mejor es saber que ahora nos queda todo <strong>Action <\/strong>sin descuidar el<strong> Advocacy. <\/strong>(Los anglicismos es cosa de Nacho y Trist\u00e1n, yo prefiero el castellano)<\/p>\n<p><strong>\u00bfC\u00f3mo te ves en el futuro? \u00bfnuevos retos? <\/strong><br \/>\nEvidentemente mejor preparado pero sobre todo m\u00e1s seguro de las acciones y objetivos que plantee y pensando en complementar alguna de las patas para no dejar nada en el tintero. Retos tengo dos, profesionalmente quiero seguir haciendo crecer a Palabra es un bonito proyecto muy complicado al ser de nicho pero precisamente esa debilidad es su gran oportunidad en un mercado cada vez m\u00e1s globalizado se busca afinar con el core target y es ah\u00ed donde tenemos que centrar los esfuerzos y para ello en entorno online es clave y facilita mucho la labor. Personalmente volver a cuidar a la familia que estos meses ya se sabe y empezar al III fase de #kmsXalimentos hemos recaudado 27.000 kilos para el Banco de Alimentos gracias a solidaridad de los corredores y la viralidad de las RRSS. Tras el master esta pata la voy a dirigir mejor por supuesto. Y bueno nunca se sabe que la vida esta llena de oportunidades y sorpresas.<\/p>\n","protected":false},"excerpt":{"rendered":"<p>Pablo S\u00e1nchez es actualmente Director de Marketing en Palabra, editorial con m\u00e1s de 40 a\u00f1os en el mercado espa\u00f1ol, italiano y Latam. Antes ocup\u00f3 el mismo puesto en Grupo Jubilo (Planeta) durante 3 a\u00f1os y previamente 12 en Vocento, en el departamento de publicidad&#8230;<\/p>\n","protected":false},"author":19,"featured_media":0,"comment_status":"closed","ping_status":"open","sticky":false,"template":"","format":"standard","meta":{"_acf_changed":false,"footnotes":""},"categories":[414],"tags":[],"acf":[],"yoast_head":"<!-- This site is optimized with the Yoast SEO plugin v22.5 - https:\/\/yoast.com\/wordpress\/plugins\/seo\/ -->\n<title>&quot;Compartir es lo m\u00e1s enriquecedor que me llevo de DKS&quot; - DKS, tu centro de estudios especializado en internet<\/title>\n<link rel=\"canonical\" href=\"https:\/\/dks.digital\/mx\/blog\/marketing\/compartir-es-lo-mas-enriquecedor-que-me-llevo-de-dks\/\" \/>\n<meta property=\"og:locale\" content=\"es_ES\" \/>\n<meta property=\"og:type\" content=\"article\" \/>\n<meta property=\"og:title\" content=\"&quot;Compartir es lo m\u00e1s enriquecedor que me llevo de DKS&quot; - DKS, tu centro de estudios especializado en internet\" \/>\n<meta property=\"og:description\" content=\"Pablo S\u00e1nchez es actualmente Director de Marketing en Palabra, editorial con m\u00e1s de 40 a\u00f1os en el mercado espa\u00f1ol, italiano y Latam. Antes ocup\u00f3 el mismo puesto en Grupo Jubilo (Planeta) durante 3 a\u00f1os y previamente 12 en Vocento, en el departamento de publicidad...\" \/>\n<meta property=\"og:url\" content=\"https:\/\/dks.digital\/mx\/blog\/marketing\/compartir-es-lo-mas-enriquecedor-que-me-llevo-de-dks\/\" \/>\n<meta property=\"og:site_name\" content=\"DKS, tu centro de estudios especializado en internet\" \/>\n<meta property=\"article:published_time\" content=\"2014-09-18T09:13:26+00:00\" \/>\n<meta name=\"author\" content=\"DKS\" \/>\n<meta name=\"twitter:card\" content=\"summary_large_image\" \/>\n<script type=\"application\/ld+json\" class=\"yoast-schema-graph\">{\"@context\":\"https:\/\/schema.org\",\"@graph\":[{\"@type\":\"Article\",\"@id\":\"https:\/\/dks.digital\/mx\/blog\/marketing\/compartir-es-lo-mas-enriquecedor-que-me-llevo-de-dks\/#article\",\"isPartOf\":{\"@id\":\"https:\/\/dks.digital\/mx\/blog\/marketing\/compartir-es-lo-mas-enriquecedor-que-me-llevo-de-dks\/\"},\"author\":{\"name\":\"DKS\",\"@id\":\"https:\/\/dks.digital\/mx\/#\/schema\/person\/6faf69c6ce843175d96680251a0d6723\"},\"headline\":\"&#8220;Compartir es lo m\u00e1s enriquecedor que me llevo de DKS&#8221;\",\"datePublished\":\"2014-09-18T09:13:26+00:00\",\"dateModified\":\"2014-09-18T09:13:26+00:00\",\"mainEntityOfPage\":{\"@id\":\"https:\/\/dks.digital\/mx\/blog\/marketing\/compartir-es-lo-mas-enriquecedor-que-me-llevo-de-dks\/\"},\"wordCount\":1180,\"publisher\":{\"@id\":\"https:\/\/dks.digital\/mx\/#organization\"},\"articleSection\":[\"Marketing\"],\"inLanguage\":\"es-MX\"},{\"@type\":\"WebPage\",\"@id\":\"https:\/\/dks.digital\/mx\/blog\/marketing\/compartir-es-lo-mas-enriquecedor-que-me-llevo-de-dks\/\",\"url\":\"https:\/\/dks.digital\/mx\/blog\/marketing\/compartir-es-lo-mas-enriquecedor-que-me-llevo-de-dks\/\",\"name\":\"\\\"Compartir es lo m\u00e1s enriquecedor que me llevo de DKS\\\" - DKS, tu centro de estudios especializado en internet\",\"isPartOf\":{\"@id\":\"https:\/\/dks.digital\/mx\/#website\"},\"datePublished\":\"2014-09-18T09:13:26+00:00\",\"dateModified\":\"2014-09-18T09:13:26+00:00\",\"inLanguage\":\"es-MX\",\"potentialAction\":[{\"@type\":\"ReadAction\",\"target\":[\"https:\/\/dks.digital\/mx\/blog\/marketing\/compartir-es-lo-mas-enriquecedor-que-me-llevo-de-dks\/\"]}]},{\"@type\":\"WebSite\",\"@id\":\"https:\/\/dks.digital\/mx\/#website\",\"url\":\"https:\/\/dks.digital\/mx\/\",\"name\":\"DKS, tu centro de estudios especializado en internet\",\"description\":\"DKS, la escuela de los profesionales digitales desde hace m\u00e1s de 7 a\u00f1os\",\"publisher\":{\"@id\":\"https:\/\/dks.digital\/mx\/#organization\"},\"potentialAction\":[{\"@type\":\"SearchAction\",\"target\":{\"@type\":\"EntryPoint\",\"urlTemplate\":\"https:\/\/dks.digital\/mx\/?s={search_term_string}\"},\"query-input\":\"required name=search_term_string\"}],\"inLanguage\":\"es-MX\"},{\"@type\":\"Organization\",\"@id\":\"https:\/\/dks.digital\/mx\/#organization\",\"name\":\"DKS, tu centro de estudios especializado en internet\",\"url\":\"https:\/\/dks.digital\/mx\/\",\"logo\":{\"@type\":\"ImageObject\",\"inLanguage\":\"es-MX\",\"@id\":\"https:\/\/dks.digital\/mx\/#\/schema\/logo\/image\/\",\"url\":\"https:\/\/dks.digital\/wp-content\/uploads\/2025\/12\/cropped-cropped-favicon-ks.jpg\",\"contentUrl\":\"https:\/\/dks.digital\/wp-content\/uploads\/2025\/12\/cropped-cropped-favicon-ks.jpg\",\"width\":512,\"height\":512,\"caption\":\"DKS, tu centro de estudios especializado en internet\"},\"image\":{\"@id\":\"https:\/\/dks.digital\/mx\/#\/schema\/logo\/image\/\"}},{\"@type\":\"Person\",\"@id\":\"https:\/\/dks.digital\/mx\/#\/schema\/person\/6faf69c6ce843175d96680251a0d6723\",\"name\":\"DKS\",\"image\":{\"@type\":\"ImageObject\",\"inLanguage\":\"es-MX\",\"@id\":\"https:\/\/dks.digital\/mx\/#\/schema\/person\/image\/\",\"url\":\"https:\/\/secure.gravatar.com\/avatar\/3cf516e7d2b3c688288c120cdc1768a3?s=96&d=mm&r=g\",\"contentUrl\":\"https:\/\/secure.gravatar.com\/avatar\/3cf516e7d2b3c688288c120cdc1768a3?s=96&d=mm&r=g\",\"caption\":\"DKS\"}}]}<\/script>\n<!-- \/ Yoast SEO plugin. -->","yoast_head_json":{"title":"\"Compartir es lo m\u00e1s enriquecedor que me llevo de DKS\" - DKS, tu centro de estudios especializado en internet","canonical":"https:\/\/dks.digital\/mx\/blog\/marketing\/compartir-es-lo-mas-enriquecedor-que-me-llevo-de-dks\/","og_locale":"es_ES","og_type":"article","og_title":"\"Compartir es lo m\u00e1s enriquecedor que me llevo de DKS\" - DKS, tu centro de estudios especializado en internet","og_description":"Pablo S\u00e1nchez es actualmente Director de Marketing en Palabra, editorial con m\u00e1s de 40 a\u00f1os en el mercado espa\u00f1ol, italiano y Latam. Antes ocup\u00f3 el mismo puesto en Grupo Jubilo (Planeta) durante 3 a\u00f1os y previamente 12 en Vocento, en el departamento de publicidad...","og_url":"https:\/\/dks.digital\/mx\/blog\/marketing\/compartir-es-lo-mas-enriquecedor-que-me-llevo-de-dks\/","og_site_name":"DKS, tu centro de estudios especializado en internet","article_published_time":"2014-09-18T09:13:26+00:00","author":"DKS","twitter_card":"summary_large_image","schema":{"@context":"https:\/\/schema.org","@graph":[{"@type":"Article","@id":"https:\/\/dks.digital\/mx\/blog\/marketing\/compartir-es-lo-mas-enriquecedor-que-me-llevo-de-dks\/#article","isPartOf":{"@id":"https:\/\/dks.digital\/mx\/blog\/marketing\/compartir-es-lo-mas-enriquecedor-que-me-llevo-de-dks\/"},"author":{"name":"DKS","@id":"https:\/\/dks.digital\/mx\/#\/schema\/person\/6faf69c6ce843175d96680251a0d6723"},"headline":"&#8220;Compartir es lo m\u00e1s enriquecedor que me llevo de DKS&#8221;","datePublished":"2014-09-18T09:13:26+00:00","dateModified":"2014-09-18T09:13:26+00:00","mainEntityOfPage":{"@id":"https:\/\/dks.digital\/mx\/blog\/marketing\/compartir-es-lo-mas-enriquecedor-que-me-llevo-de-dks\/"},"wordCount":1180,"publisher":{"@id":"https:\/\/dks.digital\/mx\/#organization"},"articleSection":["Marketing"],"inLanguage":"es-MX"},{"@type":"WebPage","@id":"https:\/\/dks.digital\/mx\/blog\/marketing\/compartir-es-lo-mas-enriquecedor-que-me-llevo-de-dks\/","url":"https:\/\/dks.digital\/mx\/blog\/marketing\/compartir-es-lo-mas-enriquecedor-que-me-llevo-de-dks\/","name":"\"Compartir es lo m\u00e1s enriquecedor que me llevo de DKS\" - DKS, tu centro de estudios especializado en internet","isPartOf":{"@id":"https:\/\/dks.digital\/mx\/#website"},"datePublished":"2014-09-18T09:13:26+00:00","dateModified":"2014-09-18T09:13:26+00:00","inLanguage":"es-MX","potentialAction":[{"@type":"ReadAction","target":["https:\/\/dks.digital\/mx\/blog\/marketing\/compartir-es-lo-mas-enriquecedor-que-me-llevo-de-dks\/"]}]},{"@type":"WebSite","@id":"https:\/\/dks.digital\/mx\/#website","url":"https:\/\/dks.digital\/mx\/","name":"DKS, tu centro de estudios especializado en internet","description":"DKS, la escuela de los profesionales digitales desde hace m\u00e1s de 7 a\u00f1os","publisher":{"@id":"https:\/\/dks.digital\/mx\/#organization"},"potentialAction":[{"@type":"SearchAction","target":{"@type":"EntryPoint","urlTemplate":"https:\/\/dks.digital\/mx\/?s={search_term_string}"},"query-input":"required name=search_term_string"}],"inLanguage":"es-MX"},{"@type":"Organization","@id":"https:\/\/dks.digital\/mx\/#organization","name":"DKS, tu centro de estudios especializado en internet","url":"https:\/\/dks.digital\/mx\/","logo":{"@type":"ImageObject","inLanguage":"es-MX","@id":"https:\/\/dks.digital\/mx\/#\/schema\/logo\/image\/","url":"https:\/\/dks.digital\/wp-content\/uploads\/2025\/12\/cropped-cropped-favicon-ks.jpg","contentUrl":"https:\/\/dks.digital\/wp-content\/uploads\/2025\/12\/cropped-cropped-favicon-ks.jpg","width":512,"height":512,"caption":"DKS, tu centro de estudios especializado en internet"},"image":{"@id":"https:\/\/dks.digital\/mx\/#\/schema\/logo\/image\/"}},{"@type":"Person","@id":"https:\/\/dks.digital\/mx\/#\/schema\/person\/6faf69c6ce843175d96680251a0d6723","name":"DKS","image":{"@type":"ImageObject","inLanguage":"es-MX","@id":"https:\/\/dks.digital\/mx\/#\/schema\/person\/image\/","url":"https:\/\/secure.gravatar.com\/avatar\/3cf516e7d2b3c688288c120cdc1768a3?s=96&d=mm&r=g","contentUrl":"https:\/\/secure.gravatar.com\/avatar\/3cf516e7d2b3c688288c120cdc1768a3?s=96&d=mm&r=g","caption":"DKS"}}]}},"_links":{"self":[{"href":"https:\/\/dks.digital\/mx\/wp-json\/wp\/v2\/posts\/88080"}],"collection":[{"href":"https:\/\/dks.digital\/mx\/wp-json\/wp\/v2\/posts"}],"about":[{"href":"https:\/\/dks.digital\/mx\/wp-json\/wp\/v2\/types\/post"}],"author":[{"embeddable":true,"href":"https:\/\/dks.digital\/mx\/wp-json\/wp\/v2\/users\/19"}],"replies":[{"embeddable":true,"href":"https:\/\/dks.digital\/mx\/wp-json\/wp\/v2\/comments?post=88080"}],"version-history":[{"count":0,"href":"https:\/\/dks.digital\/mx\/wp-json\/wp\/v2\/posts\/88080\/revisions"}],"wp:attachment":[{"href":"https:\/\/dks.digital\/mx\/wp-json\/wp\/v2\/media?parent=88080"}],"wp:term":[{"taxonomy":"category","embeddable":true,"href":"https:\/\/dks.digital\/mx\/wp-json\/wp\/v2\/categories?post=88080"},{"taxonomy":"post_tag","embeddable":true,"href":"https:\/\/dks.digital\/mx\/wp-json\/wp\/v2\/tags?post=88080"}],"curies":[{"name":"wp","href":"https:\/\/api.w.org\/{rel}","templated":true}]}}