{"id":87939,"date":"2018-06-06T10:18:46","date_gmt":"2018-06-06T08:18:46","guid":{"rendered":"https:\/\/dks.digital\/blog\/sin-categoria\/dks-desigual-la-vanguardia-del-ux\/"},"modified":"2018-06-06T10:18:46","modified_gmt":"2018-06-06T08:18:46","slug":"dks-desigual-la-vanguardia-del-ux","status":"publish","type":"post","link":"https:\/\/dks.digital\/mx\/blog\/usabilidad-ux\/dks-desigual-la-vanguardia-del-ux\/","title":{"rendered":"DKS y Desigual, a la vanguardia del UX"},"content":{"rendered":"<h2>\u00a0El pasado 24 de Mayo, parte del equipo de DKS se desplaz\u00f3 hasta Barcelona, m\u00e1s concretamente hasta el Passeig del Mare Nostrum, espacio en el que tiene su sede la empresa espa\u00f1ola Desigual para celebrar una jornada en la que el UX fue el aut\u00e9ntico protagonista de la jornada.<\/h2>\n<p>Desigual se ha caracterizado siempre por ser una de las compa\u00f1\u00edas l\u00edderes del dise\u00f1o en el sector textil, y precisamente por ello fue la marca elegida por<strong> DKS para ofrecer una charla sobre UX<\/strong>.<\/p>\n<p><a href=\"https:\/\/dks.digital\/wp-content\/uploads\/2018\/06\/DKS_Desigual-1.jpg\"><img loading=\"lazy\" decoding=\"async\" class=\"wp-image-24321 size-medium_large aligncenter\" src=\"https:\/\/dks.digital\/wp-content\/uploads\/2018\/06\/KSchool_Desigual-1-768x512.jpg\" alt=\"\" width=\"768\" height=\"512\" \/><\/a><\/p>\n<p><a href=\"https:\/\/dks.digital\/wp-content\/uploads\/2018\/06\/Oficinal_Desigual_002.jpg\"><img loading=\"lazy\" decoding=\"async\" class=\"wp-image-24324 size-medium_large aligncenter\" src=\"https:\/\/dks.digital\/wp-content\/uploads\/2018\/06\/Oficinal_Desigual_002-768x512.jpg\" alt=\"\" width=\"768\" height=\"512\" \/><\/a><\/p>\n<p>La Usabilidad y la Experiencia de Usuario es un \u00e1mbito nuevo para muchas empresas. Centrar la estrategia y la visi\u00f3n online de la compa\u00f1\u00eda en el usuario, primando la usabilidad es una de las tendencias m\u00e1s importantes para cualquier compa\u00f1\u00eda.<\/p>\n<p>Gracias a <strong>Bersio Enrich<\/strong>, UI\/UX Manager de Desigual y a <strong>Maika Garc\u00eda<\/strong>,\u00a0Senior UX Designer &amp; Researcher at Desigual, pudimos conocer <strong>que hace la marca Desigual para que la UX llegue a estar en el ADN de la compa\u00f1\u00eda a nivel digital<\/strong>, teniendo en cuenta que es una de las muchas compa\u00f1\u00edas que no han nacido digitales y que ahora se ven obligadas a hacer una \u201cTransformaci\u00f3n digital\u201d.<\/p>\n<figure id=\"attachment_24320\" aria-describedby=\"caption-attachment-24320\" style=\"width: 768px\" class=\"wp-caption aligncenter\"><a href=\"https:\/\/dks.digital\/wp-content\/uploads\/2018\/06\/BersioEnrich_MaikaGarcia_Desigual.jpg\"><img loading=\"lazy\" decoding=\"async\" class=\"wp-image-24320 size-medium_large\" src=\"https:\/\/dks.digital\/wp-content\/uploads\/2018\/06\/BersioEnrich_MaikaGarcia_Desigual-768x512.jpg\" alt=\"\" width=\"768\" height=\"512\" \/><\/a><figcaption id=\"caption-attachment-24320\" class=\"wp-caption-text\">Maika Garc\u00eda y Bersio Enrich de Desigual<\/figcaption><\/figure>\n<p>Con experiencia en diferentes canales (Digital y Retail), los dos ponentes de excepci\u00f3n nos contaron como enfocaron las metodolog\u00edas y las t\u00e9cnicas de research.<\/p>\n<p>&#8220;Este tipo de eventos sirven para acercar el sector del UX, uno de los campos con mayor crecimiento en los \u00faltimos a\u00f1os, a cualquier persona que tenga inter\u00e9s por conocerlo de primera mano&#8221; explica<strong> Roc\u00edo Salinas, directora de Marketing de DKS y responsable del \u00e1rea de UX<\/strong>.<\/p>\n<figure id=\"attachment_24327\" aria-describedby=\"caption-attachment-24327\" style=\"width: 768px\" class=\"wp-caption aligncenter\"><a href=\"https:\/\/dks.digital\/wp-content\/uploads\/2018\/06\/RocioSalinas_KSchool.jpg\"><img loading=\"lazy\" decoding=\"async\" class=\"wp-image-24327 size-medium_large\" src=\"https:\/\/dks.digital\/wp-content\/uploads\/2018\/06\/RocioSalinas_KSchool-768x512.jpg\" alt=\"\" width=\"768\" height=\"512\" \/><\/a><figcaption id=\"caption-attachment-24327\" class=\"wp-caption-text\">Roc\u00edo Salinas, responsable de Marketing y UX en DKS<\/figcaption><\/figure>\n<p>Adem\u00e1s, este tipo de eventos sirven para relaciones de networking. &#8220;<strong>Nunca sabes donde vas a encontrar tu pr\u00f3xima oportunidad laboral o donde hacia donde vas a dar tu siguiente salto profesional<\/strong>&#8220;, apuntilla Roc\u00edo Salinas.<\/p>\n<p>Desde DKS queremos <strong>dar las gracias a Desigual<\/strong> por abrirnos las puertas de sus magn\u00edficas oficinas y ofrecernos una tarde llena de dise\u00f1o, conocimiento y experiencia.<\/p>\n<p>Tambi\u00e9n queremos agradecer profundamente a los dos magn\u00edficos expertos, Bersio y Maika, por contarnos de forma excelente su historia, su trayectoria y su evoluci\u00f3n dentro de UX y Desigual.<\/p>\n<p>Si t\u00fa tambi\u00e9n vives en Barcelona y, al igual que Bersio y Maika, quieres entrar a formar parte de un sector con enormes y gratificantes posibilidades laborales, no lo dudes m\u00e1s y ap\u00fantate a nuestro <a href=\"https:\/\/dks.digital\/cursos\/master-de-ux-usabilidad-y-experiencia-de-usuario-en-barcelona\/\"><strong>M\u00e1ster de Usabilidad y Experiencia de Usuario<\/strong><\/a>.<\/p>\n<p>Escr\u00edbenos a nuestro correo <strong>info@dks.digital<\/strong>, o llama a nuestro tel\u00e9fono <strong>91 577 83 41<\/strong>. Estaremos encantados de ayudarte y asesorarte.<\/p>\n<p><a href=\"https:\/\/dks.digital\/wp-content\/uploads\/2018\/06\/Networking_Desigual.jpg\"><img loading=\"lazy\" decoding=\"async\" class=\"wp-image-24322 size-medium_large aligncenter\" src=\"https:\/\/dks.digital\/wp-content\/uploads\/2018\/06\/Networking_Desigual-768x512.jpg\" alt=\"\" width=\"768\" height=\"512\" \/><\/a><\/p>\n","protected":false},"excerpt":{"rendered":"<p>\u00a0El pasado 24 de Mayo, parte del equipo de DKS se desplaz\u00f3 hasta Barcelona, m\u00e1s concretamente hasta el Passeig del Mare Nostrum, espacio en el que tiene su sede la empresa espa\u00f1ola Desigual para celebrar una jornada en la que el UX fue el aut\u00e9ntico protagonista de la jornada. Desigual se ha caracterizado siempre por [&hellip;]<\/p>\n","protected":false},"author":19,"featured_media":87945,"comment_status":"closed","ping_status":"open","sticky":false,"template":"","format":"standard","meta":{"_acf_changed":false,"footnotes":""},"categories":[416],"tags":[563,530,431],"acf":[],"yoast_head":"<!-- This site is optimized with the Yoast SEO plugin v22.5 - https:\/\/yoast.com\/wordpress\/plugins\/seo\/ -->\n<title>DKS y Desigual, a la vanguardia del UX - DKS, tu centro de estudios especializado en internet<\/title>\n<link rel=\"canonical\" href=\"https:\/\/dks.digital\/mx\/blog\/usabilidad-ux\/dks-desigual-la-vanguardia-del-ux\/\" \/>\n<meta property=\"og:locale\" content=\"es_ES\" \/>\n<meta property=\"og:type\" content=\"article\" \/>\n<meta property=\"og:title\" content=\"DKS y Desigual, a la vanguardia del UX - DKS, tu centro de estudios especializado en internet\" \/>\n<meta property=\"og:description\" content=\"\u00a0El pasado 24 de Mayo, parte del equipo de DKS se desplaz\u00f3 hasta Barcelona, m\u00e1s concretamente hasta el Passeig del Mare Nostrum, espacio en el que tiene su sede la empresa espa\u00f1ola Desigual para celebrar una jornada en la que el UX fue el aut\u00e9ntico protagonista de la jornada. Desigual se ha caracterizado siempre por [&hellip;]\" \/>\n<meta property=\"og:url\" content=\"https:\/\/dks.digital\/mx\/blog\/usabilidad-ux\/dks-desigual-la-vanguardia-del-ux\/\" \/>\n<meta property=\"og:site_name\" content=\"DKS, tu centro de estudios especializado en internet\" \/>\n<meta property=\"article:published_time\" content=\"2018-06-06T08:18:46+00:00\" \/>\n<meta property=\"og:image\" content=\"https:\/\/dks.digital\/wp-content\/uploads\/2018\/06\/KSchool_Desigual-1-768x512.jpg\" \/>\n<meta name=\"author\" content=\"DKS\" \/>\n<meta name=\"twitter:card\" content=\"summary_large_image\" \/>\n<script type=\"application\/ld+json\" class=\"yoast-schema-graph\">{\"@context\":\"https:\/\/schema.org\",\"@graph\":[{\"@type\":\"Article\",\"@id\":\"https:\/\/dks.digital\/mx\/blog\/usabilidad-ux\/dks-desigual-la-vanguardia-del-ux\/#article\",\"isPartOf\":{\"@id\":\"https:\/\/dks.digital\/mx\/blog\/usabilidad-ux\/dks-desigual-la-vanguardia-del-ux\/\"},\"author\":{\"name\":\"DKS\",\"@id\":\"https:\/\/dks.digital\/mx\/#\/schema\/person\/6faf69c6ce843175d96680251a0d6723\"},\"headline\":\"DKS y Desigual, a la vanguardia del UX\",\"datePublished\":\"2018-06-06T08:18:46+00:00\",\"dateModified\":\"2018-06-06T08:18:46+00:00\",\"mainEntityOfPage\":{\"@id\":\"https:\/\/dks.digital\/mx\/blog\/usabilidad-ux\/dks-desigual-la-vanguardia-del-ux\/\"},\"wordCount\":485,\"publisher\":{\"@id\":\"https:\/\/dks.digital\/mx\/#organization\"},\"image\":{\"@id\":\"https:\/\/dks.digital\/mx\/blog\/usabilidad-ux\/dks-desigual-la-vanguardia-del-ux\/#primaryimage\"},\"thumbnailUrl\":\"https:\/\/dks.digital\/wp-content\/uploads\/2018\/06\/KSchool_Desigual-2-1.jpg\",\"keywords\":[\"Eventos DKS\",\"usabilidad y experiencia de usuario\",\"ux\"],\"articleSection\":[\"Usabilidad UX\"],\"inLanguage\":\"es-MX\"},{\"@type\":\"WebPage\",\"@id\":\"https:\/\/dks.digital\/mx\/blog\/usabilidad-ux\/dks-desigual-la-vanguardia-del-ux\/\",\"url\":\"https:\/\/dks.digital\/mx\/blog\/usabilidad-ux\/dks-desigual-la-vanguardia-del-ux\/\",\"name\":\"DKS y Desigual, a la vanguardia del UX - DKS, tu centro de estudios especializado en internet\",\"isPartOf\":{\"@id\":\"https:\/\/dks.digital\/mx\/#website\"},\"primaryImageOfPage\":{\"@id\":\"https:\/\/dks.digital\/mx\/blog\/usabilidad-ux\/dks-desigual-la-vanguardia-del-ux\/#primaryimage\"},\"image\":{\"@id\":\"https:\/\/dks.digital\/mx\/blog\/usabilidad-ux\/dks-desigual-la-vanguardia-del-ux\/#primaryimage\"},\"thumbnailUrl\":\"https:\/\/dks.digital\/wp-content\/uploads\/2018\/06\/KSchool_Desigual-2-1.jpg\",\"datePublished\":\"2018-06-06T08:18:46+00:00\",\"dateModified\":\"2018-06-06T08:18:46+00:00\",\"inLanguage\":\"es-MX\",\"potentialAction\":[{\"@type\":\"ReadAction\",\"target\":[\"https:\/\/dks.digital\/mx\/blog\/usabilidad-ux\/dks-desigual-la-vanguardia-del-ux\/\"]}]},{\"@type\":\"ImageObject\",\"inLanguage\":\"es-MX\",\"@id\":\"https:\/\/dks.digital\/mx\/blog\/usabilidad-ux\/dks-desigual-la-vanguardia-del-ux\/#primaryimage\",\"url\":\"https:\/\/dks.digital\/wp-content\/uploads\/2018\/06\/KSchool_Desigual-2-1.jpg\",\"contentUrl\":\"https:\/\/dks.digital\/wp-content\/uploads\/2018\/06\/KSchool_Desigual-2-1.jpg\",\"width\":470,\"height\":330},{\"@type\":\"WebSite\",\"@id\":\"https:\/\/dks.digital\/mx\/#website\",\"url\":\"https:\/\/dks.digital\/mx\/\",\"name\":\"DKS, tu centro de estudios especializado en internet\",\"description\":\"DKS, la escuela de los profesionales digitales desde hace m\u00e1s de 7 a\u00f1os\",\"publisher\":{\"@id\":\"https:\/\/dks.digital\/mx\/#organization\"},\"potentialAction\":[{\"@type\":\"SearchAction\",\"target\":{\"@type\":\"EntryPoint\",\"urlTemplate\":\"https:\/\/dks.digital\/mx\/?s={search_term_string}\"},\"query-input\":\"required name=search_term_string\"}],\"inLanguage\":\"es-MX\"},{\"@type\":\"Organization\",\"@id\":\"https:\/\/dks.digital\/mx\/#organization\",\"name\":\"DKS, tu centro de estudios especializado en internet\",\"url\":\"https:\/\/dks.digital\/mx\/\",\"logo\":{\"@type\":\"ImageObject\",\"inLanguage\":\"es-MX\",\"@id\":\"https:\/\/dks.digital\/mx\/#\/schema\/logo\/image\/\",\"url\":\"https:\/\/dks.digital\/wp-content\/uploads\/2025\/12\/cropped-cropped-favicon-ks.jpg\",\"contentUrl\":\"https:\/\/dks.digital\/wp-content\/uploads\/2025\/12\/cropped-cropped-favicon-ks.jpg\",\"width\":512,\"height\":512,\"caption\":\"DKS, tu centro de estudios especializado en internet\"},\"image\":{\"@id\":\"https:\/\/dks.digital\/mx\/#\/schema\/logo\/image\/\"}},{\"@type\":\"Person\",\"@id\":\"https:\/\/dks.digital\/mx\/#\/schema\/person\/6faf69c6ce843175d96680251a0d6723\",\"name\":\"DKS\",\"image\":{\"@type\":\"ImageObject\",\"inLanguage\":\"es-MX\",\"@id\":\"https:\/\/dks.digital\/mx\/#\/schema\/person\/image\/\",\"url\":\"https:\/\/secure.gravatar.com\/avatar\/3cf516e7d2b3c688288c120cdc1768a3?s=96&d=mm&r=g\",\"contentUrl\":\"https:\/\/secure.gravatar.com\/avatar\/3cf516e7d2b3c688288c120cdc1768a3?s=96&d=mm&r=g\",\"caption\":\"DKS\"}}]}<\/script>\n<!-- \/ Yoast SEO plugin. -->","yoast_head_json":{"title":"DKS y Desigual, a la vanguardia del UX - DKS, tu centro de estudios especializado en internet","canonical":"https:\/\/dks.digital\/mx\/blog\/usabilidad-ux\/dks-desigual-la-vanguardia-del-ux\/","og_locale":"es_ES","og_type":"article","og_title":"DKS y Desigual, a la vanguardia del UX - DKS, tu centro de estudios especializado en internet","og_description":"\u00a0El pasado 24 de Mayo, parte del equipo de DKS se desplaz\u00f3 hasta Barcelona, m\u00e1s concretamente hasta el Passeig del Mare Nostrum, espacio en el que tiene su sede la empresa espa\u00f1ola Desigual para celebrar una jornada en la que el UX fue el aut\u00e9ntico protagonista de la jornada. Desigual se ha caracterizado siempre por [&hellip;]","og_url":"https:\/\/dks.digital\/mx\/blog\/usabilidad-ux\/dks-desigual-la-vanguardia-del-ux\/","og_site_name":"DKS, tu centro de estudios especializado en internet","article_published_time":"2018-06-06T08:18:46+00:00","og_image":[{"url":"https:\/\/dks.digital\/wp-content\/uploads\/2018\/06\/KSchool_Desigual-1-768x512.jpg"}],"author":"DKS","twitter_card":"summary_large_image","schema":{"@context":"https:\/\/schema.org","@graph":[{"@type":"Article","@id":"https:\/\/dks.digital\/mx\/blog\/usabilidad-ux\/dks-desigual-la-vanguardia-del-ux\/#article","isPartOf":{"@id":"https:\/\/dks.digital\/mx\/blog\/usabilidad-ux\/dks-desigual-la-vanguardia-del-ux\/"},"author":{"name":"DKS","@id":"https:\/\/dks.digital\/mx\/#\/schema\/person\/6faf69c6ce843175d96680251a0d6723"},"headline":"DKS y Desigual, a la vanguardia del UX","datePublished":"2018-06-06T08:18:46+00:00","dateModified":"2018-06-06T08:18:46+00:00","mainEntityOfPage":{"@id":"https:\/\/dks.digital\/mx\/blog\/usabilidad-ux\/dks-desigual-la-vanguardia-del-ux\/"},"wordCount":485,"publisher":{"@id":"https:\/\/dks.digital\/mx\/#organization"},"image":{"@id":"https:\/\/dks.digital\/mx\/blog\/usabilidad-ux\/dks-desigual-la-vanguardia-del-ux\/#primaryimage"},"thumbnailUrl":"https:\/\/dks.digital\/wp-content\/uploads\/2018\/06\/KSchool_Desigual-2-1.jpg","keywords":["Eventos DKS","usabilidad y experiencia de usuario","ux"],"articleSection":["Usabilidad UX"],"inLanguage":"es-MX"},{"@type":"WebPage","@id":"https:\/\/dks.digital\/mx\/blog\/usabilidad-ux\/dks-desigual-la-vanguardia-del-ux\/","url":"https:\/\/dks.digital\/mx\/blog\/usabilidad-ux\/dks-desigual-la-vanguardia-del-ux\/","name":"DKS y Desigual, a la vanguardia del UX - DKS, tu centro de estudios especializado en internet","isPartOf":{"@id":"https:\/\/dks.digital\/mx\/#website"},"primaryImageOfPage":{"@id":"https:\/\/dks.digital\/mx\/blog\/usabilidad-ux\/dks-desigual-la-vanguardia-del-ux\/#primaryimage"},"image":{"@id":"https:\/\/dks.digital\/mx\/blog\/usabilidad-ux\/dks-desigual-la-vanguardia-del-ux\/#primaryimage"},"thumbnailUrl":"https:\/\/dks.digital\/wp-content\/uploads\/2018\/06\/KSchool_Desigual-2-1.jpg","datePublished":"2018-06-06T08:18:46+00:00","dateModified":"2018-06-06T08:18:46+00:00","inLanguage":"es-MX","potentialAction":[{"@type":"ReadAction","target":["https:\/\/dks.digital\/mx\/blog\/usabilidad-ux\/dks-desigual-la-vanguardia-del-ux\/"]}]},{"@type":"ImageObject","inLanguage":"es-MX","@id":"https:\/\/dks.digital\/mx\/blog\/usabilidad-ux\/dks-desigual-la-vanguardia-del-ux\/#primaryimage","url":"https:\/\/dks.digital\/wp-content\/uploads\/2018\/06\/KSchool_Desigual-2-1.jpg","contentUrl":"https:\/\/dks.digital\/wp-content\/uploads\/2018\/06\/KSchool_Desigual-2-1.jpg","width":470,"height":330},{"@type":"WebSite","@id":"https:\/\/dks.digital\/mx\/#website","url":"https:\/\/dks.digital\/mx\/","name":"DKS, tu centro de estudios especializado en internet","description":"DKS, la escuela de los profesionales digitales desde hace m\u00e1s de 7 a\u00f1os","publisher":{"@id":"https:\/\/dks.digital\/mx\/#organization"},"potentialAction":[{"@type":"SearchAction","target":{"@type":"EntryPoint","urlTemplate":"https:\/\/dks.digital\/mx\/?s={search_term_string}"},"query-input":"required name=search_term_string"}],"inLanguage":"es-MX"},{"@type":"Organization","@id":"https:\/\/dks.digital\/mx\/#organization","name":"DKS, tu centro de estudios especializado en internet","url":"https:\/\/dks.digital\/mx\/","logo":{"@type":"ImageObject","inLanguage":"es-MX","@id":"https:\/\/dks.digital\/mx\/#\/schema\/logo\/image\/","url":"https:\/\/dks.digital\/wp-content\/uploads\/2025\/12\/cropped-cropped-favicon-ks.jpg","contentUrl":"https:\/\/dks.digital\/wp-content\/uploads\/2025\/12\/cropped-cropped-favicon-ks.jpg","width":512,"height":512,"caption":"DKS, tu centro de estudios especializado en internet"},"image":{"@id":"https:\/\/dks.digital\/mx\/#\/schema\/logo\/image\/"}},{"@type":"Person","@id":"https:\/\/dks.digital\/mx\/#\/schema\/person\/6faf69c6ce843175d96680251a0d6723","name":"DKS","image":{"@type":"ImageObject","inLanguage":"es-MX","@id":"https:\/\/dks.digital\/mx\/#\/schema\/person\/image\/","url":"https:\/\/secure.gravatar.com\/avatar\/3cf516e7d2b3c688288c120cdc1768a3?s=96&d=mm&r=g","contentUrl":"https:\/\/secure.gravatar.com\/avatar\/3cf516e7d2b3c688288c120cdc1768a3?s=96&d=mm&r=g","caption":"DKS"}}]}},"_links":{"self":[{"href":"https:\/\/dks.digital\/mx\/wp-json\/wp\/v2\/posts\/87939"}],"collection":[{"href":"https:\/\/dks.digital\/mx\/wp-json\/wp\/v2\/posts"}],"about":[{"href":"https:\/\/dks.digital\/mx\/wp-json\/wp\/v2\/types\/post"}],"author":[{"embeddable":true,"href":"https:\/\/dks.digital\/mx\/wp-json\/wp\/v2\/users\/19"}],"replies":[{"embeddable":true,"href":"https:\/\/dks.digital\/mx\/wp-json\/wp\/v2\/comments?post=87939"}],"version-history":[{"count":0,"href":"https:\/\/dks.digital\/mx\/wp-json\/wp\/v2\/posts\/87939\/revisions"}],"wp:featuredmedia":[{"embeddable":true,"href":"https:\/\/dks.digital\/mx\/wp-json\/wp\/v2\/media\/87945"}],"wp:attachment":[{"href":"https:\/\/dks.digital\/mx\/wp-json\/wp\/v2\/media?parent=87939"}],"wp:term":[{"taxonomy":"category","embeddable":true,"href":"https:\/\/dks.digital\/mx\/wp-json\/wp\/v2\/categories?post=87939"},{"taxonomy":"post_tag","embeddable":true,"href":"https:\/\/dks.digital\/mx\/wp-json\/wp\/v2\/tags?post=87939"}],"curies":[{"name":"wp","href":"https:\/\/api.w.org\/{rel}","templated":true}]}}