{"id":87870,"date":"2016-07-28T09:29:59","date_gmt":"2016-07-28T09:29:59","guid":{"rendered":"https:\/\/dks.digital\/blog\/sin-categoria\/entrevista-guillermo-ux-analitica-web\/"},"modified":"2016-07-28T09:29:59","modified_gmt":"2016-07-28T09:29:59","slug":"entrevista-guillermo-ux-analitica-web","status":"publish","type":"post","link":"https:\/\/dks.digital\/mx\/blog\/analitica-web\/entrevista-guillermo-ux-analitica-web\/","title":{"rendered":"Guillermo Martinez Bueno: de UX a Anal\u00edtica Digital"},"content":{"rendered":"<h2><strong>Entrevista a Guillermo Martinez Bueno: de UX a Anal\u00edtica Digital<\/strong><\/h2>\n<p>Guillermo comenz\u00f3 su experiencia en DKS con el <a href=\"https:\/\/dks.digital\/cursos\/master-de-ux-usabilidad-y-experiencia-de-usuario-en-madrid\/\">Master de UX<\/a> y tras participar en el sorteo de los 5 Master por los 5 a\u00f1os de DKS y que le tocase uno de ellos, decidi\u00f3 matricularse en Anal\u00edtica Digital con el <a href=\"https:\/\/dks.digital\/mx\/maestria\/maestria-analitica-web\/\">Master de Anal\u00edtica Web<\/a>.<\/p>\n<p>En esta entrevista, Guillermo nos cuenta como se complementan un master con el otro y como ha sido su experiencia en la escuela.<\/p>\n<p><center><a href=\"https:\/\/dks.digital\/wp-content\/uploads\/2016\/07\/20160201_235641.jpg\" rel=\"attachment wp-att-7298\"><img loading=\"lazy\" decoding=\"async\" class=\"aligncenter wp-image-7298\" src=\"https:\/\/dks.digital\/wp-content\/uploads\/2016\/07\/20160201_235641.jpg\" alt=\"anal\u00edtica digital\" width=\"632\" height=\"474\" \/><\/a><\/center><\/p>\n<h3><strong>\u00bfQu\u00e9 hac\u00edas antes de matricularte en el <a href=\"https:\/\/dks.digital\/mx\/maestria\/maestria-analitica-web\/\">Master de AW <\/a>de DKS?<\/strong><\/h3>\n<p><span style=\"font-weight: 400;\">Pues andaba bastante liado preparando la presentaci\u00f3n del proyecto del <a href=\"https:\/\/dks.digital\/mx\/maestria\/maestria-ux-ui\/\">M\u00e1ster de Usabilidad y Experiencia de Usuario<\/a>. \ud83d\ude42 <\/span><\/p>\n<h3><strong>\u00bfC\u00f3mo fu\u00e9 la experiencia con este M\u00e1ster y la Anal\u00edtica Digital?<\/strong><\/h3>\n<p><span style=\"font-weight: 400;\">\u00bfCon cual de los dos? \ud83d\ude42<\/span><\/p>\n<p><span style=\"font-weight: 400;\">Un m\u00e1ster supone un importante desembolso econ\u00f3mico y siempre te preguntas si realmente merecer\u00e1 la pena o si esa inversi\u00f3n tendr\u00e1 un retorno. Estas dudas se disiparon pronto. Ambos m\u00e1sters me han reportado conocimiento, especializaci\u00f3n, buenos compa\u00f1eros, contactos y oportunidades laborales.<\/span><\/p>\n<h3><strong>\u00bfTe ayud\u00f3 el M\u00e1ster o la bolsa de empleo a encontrar trabajo o evolucionar en tu carrera?<\/strong><\/h3>\n<p><span style=\"font-weight: 400;\">En el momento en que uno empieza a buscar nuevas oportunidades profesionales el n\u00famero de visitas a tu perfil de LinkedIn empieza a crecer, se reciben m\u00e1s emails con ofertas y m\u00e1s llamadas al m\u00f3vil. Sin embargo, desde el mismo momento en que comenc\u00e9 el m\u00e1ster estas \u201cinteracciones\u201d, (lo siento, no he podido evitarlo) comenzaron a multiplicarse. Tener un M\u00e1ster en Usabilidad y Experiencia de Usuario definitivamente me ha ayudado a encontrar un nuevo trabajo y a que me surgieran proyectos paralelos con mayor frecuencia. <\/span><\/p>\n<h3><strong>Fuiste uno de los alumnos premiados con el Master que regalamos por nuestro 5\u00ba aniversario. \u00bfPor qu\u00e9 elegiste el <a href=\"https:\/\/dks.digital\/cursos\/master-analitica-web-madrid\/\">Master de Anal\u00edtica Web<\/a>?<\/strong><\/h3>\n<p><span style=\"font-weight: 400;\">La relaci\u00f3n entre UX y Anal\u00edtica Digital es muy estrecha. El dise\u00f1ador UX necesita los datos para justificar la idoneidad de su trabajo y la anal\u00edtica supone uno de las fuentes necesarias para saber qu\u00e9 aspectos de la web no est\u00e1n funcionando correctamente o conforme a las necesidades de negocio. La elecci\u00f3n estaba clara.<\/span><\/p>\n<p>&nbsp;<\/p>\n        <section class=\"shortcode\">\r\n                      <picture class=\"shortcode__picture -backdrop\">\r\n                <!-- tatamiento vertical -->\r\n                <source media=\"(max-width: 768px)\" srcset=\"\/wp-content\/uploads\/2023\/03\/AW.png\">\r\n                <!-- tatamiento version_horizontal -->\r\n                <img decoding=\"async\" class=\"shortcode__image\" alt=\"Alt de la imagen\" title=\"Title de la imagen\" src=\"\/wp-content\/uploads\/2023\/03\/AW.png\">\r\n            <\/picture>\r\n                    <div class=\"shortcode__container\" >\r\n              <div class=\"e-row\">\r\n                  <div class=\"e-col-xs-12 e-col-sm-12 e-col-md-7 e-col-lg-8\">\r\n                      <h2 class=\"shortcode__title\">Convi\u00e9rtete en Experto en Anal\u00edtica Web<\/h2>\r\n                      <p class=\"shortcode__subtitle\">\u00a1M\u00e1ster Anal\u00edtica Digital en DKS! Estudia online o presencial en Madrid o Barcelona. M\u00e1s de 60 ediciones. Dirigido por Gemma Mu\u00f1oz. DKS, escuela l\u00edder en anal\u00edtica digital.<\/p>\r\n                  <\/div>\r\n                  <div class=\"e-col-xs-12 e-col-sm-12 e-col-md-5 e-col-lg-4 shortcode__button\">\r\n                      <a class=\"cta--dark -has-icon shortcode__cta\" href=\"\/master\/master-analitica-web\/\" title=\"\u00a1Ver oferta!\" data-gtm-container=\"button_cta\" data-gtm-category=\"Convi\u00e9rtete en Experto en Anal\u00edtica Web\" data-gtm-action=\"navigation\">\u00a1Ver oferta!                          <img decoding=\"async\" class=\"cta__icon shortcode__icon\" src=\"https:\/\/dks.digital\/wp-content\/themes\/edix\/images\/modules\/edx_arrow-right-white.svg\" alt=\"\">\r\n                      <\/a>\r\n                  <\/div>\r\n              <\/div>\r\n          <\/div>\r\n        <\/section>\r\n    \n<h3><strong>\u00bfCrees que tu formaci\u00f3n previa en Anal\u00edtica te ha ayudado a entender y aprovechar mejor el Master?<\/strong><\/h3>\n<p><span style=\"font-weight: 400;\">Mi formaci\u00f3n previa en Anal\u00edtica era bastante de andar por casa. Teniendo en cuenta la amplia experiencia del profesorado, y su reputaci\u00f3n, uno se da cuenta del mucho camino que le queda por recorrer. A lo largo del m\u00e1ster de Anal\u00edtica, siempre he tenido la sensaci\u00f3n de ir un poco a remolque, de tener que leer y releer las presentaciones, los apuntes, y sobre todo, de que cada hora que pasaba con Google Analytics, la API, R o excel, eran pocas. Supongo que esta sensaci\u00f3n tambi\u00e9n se debe a mi experiencia con el m\u00e1ster anterior m\u00e1ster. Llevo trabajando como dise\u00f1ador web desde 2009 y en mayor o menor medida hab\u00eda tenido contacto con casi todas las materias tratadas a lo largo del M\u00e1ster de Usabilidad y Experiencia de Usuario y me sent\u00eda mucho m\u00e1s c\u00f3modo en este campo. <\/span><\/p>\n<h3><strong>\u00bfC\u00f3mo crees que la visi\u00f3n de Anal\u00edtica Digital puede ayudar a un UX?<\/strong><\/h3>\n<p><span style=\"font-weight: 400;\">A lo largo de mi experiencia como dise\u00f1ador UX siempre he tenido muy presente la importancia de los datos para justificar tu trabajo. Gracias al m\u00e1ster de anal\u00edtica puedo acceder a estos datos directamente, analizarlos, detectar puntos a mejorar, aportar soluciones sobre los mismos aplicando mis conocimientos de dise\u00f1ador UX, y finalmente volver a analizar para saber si estas soluciones funcionan comenzando de nuevo el ciclo de iteraci\u00f3n.<\/span><\/p>\n<h3><strong>\u00bfPor d\u00f3nde quieres enfocar tu carrera profesional despu\u00e9s del M\u00e1ster?<\/strong><\/h3>\n<p><span style=\"font-weight: 400;\">De momento quiero disfrutar del verano. Despu\u00e9s de dos m\u00e1sters seguidos en un a\u00f1o necesito algo de desconexi\u00f3n. En septiembre, ya con las pilas cargadas, quiero seguir poniendo en pr\u00e1ctica todo lo aprendido. Actualmente trabajo por cuenta ajena, pero nunca he dejado de ejercer como freelance o embarcarme en \u201cside projects\u201d. Lo que m\u00e1s me apetece es aplicar mis conocimientos y experiencia en proyectos de optimizaci\u00f3n de ecommerce.<\/span><\/p>\n<p><span style=\"font-weight: 400;\">Eso s\u00ed, ya me estoy planteando en qu\u00e9 curso quiero apuntarme el a\u00f1o que viene. Esta vez curso, que ya van dos m\u00e1sters. \ud83d\ude42<\/span><\/p>\n","protected":false},"excerpt":{"rendered":"<p>Entrevista a Guillermo Martinez Bueno: de UX a Anal\u00edtica Digital Guillermo comenz\u00f3 su experiencia en DKS con el Master de UX y tras participar en el sorteo de los 5 Master por los 5 a\u00f1os de DKS y que le tocase uno de ellos, decidi\u00f3 matricularse en Anal\u00edtica Digital con el Master de Anal\u00edtica Web. [&hellip;]<\/p>\n","protected":false},"author":19,"featured_media":82966,"comment_status":"closed","ping_status":"closed","sticky":false,"template":"","format":"standard","meta":{"_acf_changed":false,"footnotes":""},"categories":[421,416],"tags":[575,458,580,508,640],"acf":[],"yoast_head":"<!-- This site is optimized with the Yoast SEO plugin v22.5 - https:\/\/yoast.com\/wordpress\/plugins\/seo\/ -->\n<title>Guillermo Martinez Bueno: de UX a Anal\u00edtica Digital - DKS, tu centro de estudios especializado en internet<\/title>\n<link rel=\"canonical\" href=\"https:\/\/dks.digital\/mx\/blog\/analitica-web\/entrevista-guillermo-ux-analitica-web\/\" \/>\n<meta property=\"og:locale\" content=\"es_ES\" \/>\n<meta property=\"og:type\" content=\"article\" \/>\n<meta property=\"og:title\" content=\"Guillermo Martinez Bueno: de UX a Anal\u00edtica Digital - DKS, tu centro de estudios especializado en internet\" \/>\n<meta property=\"og:description\" content=\"Entrevista a Guillermo Martinez Bueno: de UX a Anal\u00edtica Digital Guillermo comenz\u00f3 su experiencia en DKS con el Master de UX y tras participar en el sorteo de los 5 Master por los 5 a\u00f1os de DKS y que le tocase uno de ellos, decidi\u00f3 matricularse en Anal\u00edtica Digital con el Master de Anal\u00edtica Web. [&hellip;]\" \/>\n<meta property=\"og:url\" content=\"https:\/\/dks.digital\/mx\/blog\/analitica-web\/entrevista-guillermo-ux-analitica-web\/\" \/>\n<meta property=\"og:site_name\" content=\"DKS, tu centro de estudios especializado en internet\" \/>\n<meta property=\"article:published_time\" content=\"2016-07-28T09:29:59+00:00\" \/>\n<meta property=\"og:image\" content=\"https:\/\/dks.digital\/wp-content\/uploads\/2016\/07\/20160201_235641.jpg\" \/>\n<meta name=\"author\" content=\"DKS\" \/>\n<meta name=\"twitter:card\" content=\"summary_large_image\" \/>\n<script type=\"application\/ld+json\" class=\"yoast-schema-graph\">{\"@context\":\"https:\/\/schema.org\",\"@graph\":[{\"@type\":\"Article\",\"@id\":\"https:\/\/dks.digital\/mx\/blog\/analitica-web\/entrevista-guillermo-ux-analitica-web\/#article\",\"isPartOf\":{\"@id\":\"https:\/\/dks.digital\/mx\/blog\/analitica-web\/entrevista-guillermo-ux-analitica-web\/\"},\"author\":{\"name\":\"DKS\",\"@id\":\"https:\/\/dks.digital\/mx\/#\/schema\/person\/6faf69c6ce843175d96680251a0d6723\"},\"headline\":\"Guillermo Martinez Bueno: de UX a Anal\u00edtica Digital\",\"datePublished\":\"2016-07-28T09:29:59+00:00\",\"dateModified\":\"2016-07-28T09:29:59+00:00\",\"mainEntityOfPage\":{\"@id\":\"https:\/\/dks.digital\/mx\/blog\/analitica-web\/entrevista-guillermo-ux-analitica-web\/\"},\"wordCount\":819,\"publisher\":{\"@id\":\"https:\/\/dks.digital\/mx\/#organization\"},\"image\":{\"@id\":\"https:\/\/dks.digital\/mx\/blog\/analitica-web\/entrevista-guillermo-ux-analitica-web\/#primaryimage\"},\"thumbnailUrl\":\"https:\/\/dks.digital\/wp-content\/uploads\/2023\/03\/blog-aw-scaled.jpg\",\"keywords\":[\"Alumnos DKS\",\"DKS\",\"entrevistas\",\"master de anal\u00edtica web\",\"master de usabilidad y experiencia de usuario\"],\"articleSection\":[\"Anal\u00edtica Digital\",\"Usabilidad UX\"],\"inLanguage\":\"es-MX\"},{\"@type\":\"WebPage\",\"@id\":\"https:\/\/dks.digital\/mx\/blog\/analitica-web\/entrevista-guillermo-ux-analitica-web\/\",\"url\":\"https:\/\/dks.digital\/mx\/blog\/analitica-web\/entrevista-guillermo-ux-analitica-web\/\",\"name\":\"Guillermo Martinez Bueno: de UX a Anal\u00edtica Digital - DKS, tu centro de estudios especializado en internet\",\"isPartOf\":{\"@id\":\"https:\/\/dks.digital\/mx\/#website\"},\"primaryImageOfPage\":{\"@id\":\"https:\/\/dks.digital\/mx\/blog\/analitica-web\/entrevista-guillermo-ux-analitica-web\/#primaryimage\"},\"image\":{\"@id\":\"https:\/\/dks.digital\/mx\/blog\/analitica-web\/entrevista-guillermo-ux-analitica-web\/#primaryimage\"},\"thumbnailUrl\":\"https:\/\/dks.digital\/wp-content\/uploads\/2023\/03\/blog-aw-scaled.jpg\",\"datePublished\":\"2016-07-28T09:29:59+00:00\",\"dateModified\":\"2016-07-28T09:29:59+00:00\",\"inLanguage\":\"es-MX\",\"potentialAction\":[{\"@type\":\"ReadAction\",\"target\":[\"https:\/\/dks.digital\/mx\/blog\/analitica-web\/entrevista-guillermo-ux-analitica-web\/\"]}]},{\"@type\":\"ImageObject\",\"inLanguage\":\"es-MX\",\"@id\":\"https:\/\/dks.digital\/mx\/blog\/analitica-web\/entrevista-guillermo-ux-analitica-web\/#primaryimage\",\"url\":\"https:\/\/dks.digital\/wp-content\/uploads\/2023\/03\/blog-aw-scaled.jpg\",\"contentUrl\":\"https:\/\/dks.digital\/wp-content\/uploads\/2023\/03\/blog-aw-scaled.jpg\",\"width\":2560,\"height\":1707,\"caption\":\"Noticias anal\u00edtica web\"},{\"@type\":\"WebSite\",\"@id\":\"https:\/\/dks.digital\/mx\/#website\",\"url\":\"https:\/\/dks.digital\/mx\/\",\"name\":\"DKS, tu centro de estudios especializado en internet\",\"description\":\"DKS, la escuela de los profesionales digitales desde hace m\u00e1s de 7 a\u00f1os\",\"publisher\":{\"@id\":\"https:\/\/dks.digital\/mx\/#organization\"},\"potentialAction\":[{\"@type\":\"SearchAction\",\"target\":{\"@type\":\"EntryPoint\",\"urlTemplate\":\"https:\/\/dks.digital\/mx\/?s={search_term_string}\"},\"query-input\":\"required name=search_term_string\"}],\"inLanguage\":\"es-MX\"},{\"@type\":\"Organization\",\"@id\":\"https:\/\/dks.digital\/mx\/#organization\",\"name\":\"DKS, tu centro de estudios especializado en internet\",\"url\":\"https:\/\/dks.digital\/mx\/\",\"logo\":{\"@type\":\"ImageObject\",\"inLanguage\":\"es-MX\",\"@id\":\"https:\/\/dks.digital\/mx\/#\/schema\/logo\/image\/\",\"url\":\"https:\/\/dks.digital\/wp-content\/uploads\/2025\/12\/cropped-cropped-favicon-ks.jpg\",\"contentUrl\":\"https:\/\/dks.digital\/wp-content\/uploads\/2025\/12\/cropped-cropped-favicon-ks.jpg\",\"width\":512,\"height\":512,\"caption\":\"DKS, tu centro de estudios especializado en internet\"},\"image\":{\"@id\":\"https:\/\/dks.digital\/mx\/#\/schema\/logo\/image\/\"}},{\"@type\":\"Person\",\"@id\":\"https:\/\/dks.digital\/mx\/#\/schema\/person\/6faf69c6ce843175d96680251a0d6723\",\"name\":\"DKS\",\"image\":{\"@type\":\"ImageObject\",\"inLanguage\":\"es-MX\",\"@id\":\"https:\/\/dks.digital\/mx\/#\/schema\/person\/image\/\",\"url\":\"https:\/\/secure.gravatar.com\/avatar\/3cf516e7d2b3c688288c120cdc1768a3?s=96&d=mm&r=g\",\"contentUrl\":\"https:\/\/secure.gravatar.com\/avatar\/3cf516e7d2b3c688288c120cdc1768a3?s=96&d=mm&r=g\",\"caption\":\"DKS\"}}]}<\/script>\n<!-- \/ Yoast SEO plugin. -->","yoast_head_json":{"title":"Guillermo Martinez Bueno: de UX a Anal\u00edtica Digital - DKS, tu centro de estudios especializado en internet","canonical":"https:\/\/dks.digital\/mx\/blog\/analitica-web\/entrevista-guillermo-ux-analitica-web\/","og_locale":"es_ES","og_type":"article","og_title":"Guillermo Martinez Bueno: de UX a Anal\u00edtica Digital - DKS, tu centro de estudios especializado en internet","og_description":"Entrevista a Guillermo Martinez Bueno: de UX a Anal\u00edtica Digital Guillermo comenz\u00f3 su experiencia en DKS con el Master de UX y tras participar en el sorteo de los 5 Master por los 5 a\u00f1os de DKS y que le tocase uno de ellos, decidi\u00f3 matricularse en Anal\u00edtica Digital con el Master de Anal\u00edtica Web. [&hellip;]","og_url":"https:\/\/dks.digital\/mx\/blog\/analitica-web\/entrevista-guillermo-ux-analitica-web\/","og_site_name":"DKS, tu centro de estudios especializado en internet","article_published_time":"2016-07-28T09:29:59+00:00","og_image":[{"url":"https:\/\/dks.digital\/wp-content\/uploads\/2016\/07\/20160201_235641.jpg"}],"author":"DKS","twitter_card":"summary_large_image","schema":{"@context":"https:\/\/schema.org","@graph":[{"@type":"Article","@id":"https:\/\/dks.digital\/mx\/blog\/analitica-web\/entrevista-guillermo-ux-analitica-web\/#article","isPartOf":{"@id":"https:\/\/dks.digital\/mx\/blog\/analitica-web\/entrevista-guillermo-ux-analitica-web\/"},"author":{"name":"DKS","@id":"https:\/\/dks.digital\/mx\/#\/schema\/person\/6faf69c6ce843175d96680251a0d6723"},"headline":"Guillermo Martinez Bueno: de UX a Anal\u00edtica Digital","datePublished":"2016-07-28T09:29:59+00:00","dateModified":"2016-07-28T09:29:59+00:00","mainEntityOfPage":{"@id":"https:\/\/dks.digital\/mx\/blog\/analitica-web\/entrevista-guillermo-ux-analitica-web\/"},"wordCount":819,"publisher":{"@id":"https:\/\/dks.digital\/mx\/#organization"},"image":{"@id":"https:\/\/dks.digital\/mx\/blog\/analitica-web\/entrevista-guillermo-ux-analitica-web\/#primaryimage"},"thumbnailUrl":"https:\/\/dks.digital\/wp-content\/uploads\/2023\/03\/blog-aw-scaled.jpg","keywords":["Alumnos DKS","DKS","entrevistas","master de anal\u00edtica web","master de usabilidad y experiencia de usuario"],"articleSection":["Anal\u00edtica Digital","Usabilidad UX"],"inLanguage":"es-MX"},{"@type":"WebPage","@id":"https:\/\/dks.digital\/mx\/blog\/analitica-web\/entrevista-guillermo-ux-analitica-web\/","url":"https:\/\/dks.digital\/mx\/blog\/analitica-web\/entrevista-guillermo-ux-analitica-web\/","name":"Guillermo Martinez Bueno: de UX a Anal\u00edtica Digital - DKS, tu centro de estudios especializado en internet","isPartOf":{"@id":"https:\/\/dks.digital\/mx\/#website"},"primaryImageOfPage":{"@id":"https:\/\/dks.digital\/mx\/blog\/analitica-web\/entrevista-guillermo-ux-analitica-web\/#primaryimage"},"image":{"@id":"https:\/\/dks.digital\/mx\/blog\/analitica-web\/entrevista-guillermo-ux-analitica-web\/#primaryimage"},"thumbnailUrl":"https:\/\/dks.digital\/wp-content\/uploads\/2023\/03\/blog-aw-scaled.jpg","datePublished":"2016-07-28T09:29:59+00:00","dateModified":"2016-07-28T09:29:59+00:00","inLanguage":"es-MX","potentialAction":[{"@type":"ReadAction","target":["https:\/\/dks.digital\/mx\/blog\/analitica-web\/entrevista-guillermo-ux-analitica-web\/"]}]},{"@type":"ImageObject","inLanguage":"es-MX","@id":"https:\/\/dks.digital\/mx\/blog\/analitica-web\/entrevista-guillermo-ux-analitica-web\/#primaryimage","url":"https:\/\/dks.digital\/wp-content\/uploads\/2023\/03\/blog-aw-scaled.jpg","contentUrl":"https:\/\/dks.digital\/wp-content\/uploads\/2023\/03\/blog-aw-scaled.jpg","width":2560,"height":1707,"caption":"Noticias anal\u00edtica web"},{"@type":"WebSite","@id":"https:\/\/dks.digital\/mx\/#website","url":"https:\/\/dks.digital\/mx\/","name":"DKS, tu centro de estudios especializado en internet","description":"DKS, la escuela de los profesionales digitales desde hace m\u00e1s de 7 a\u00f1os","publisher":{"@id":"https:\/\/dks.digital\/mx\/#organization"},"potentialAction":[{"@type":"SearchAction","target":{"@type":"EntryPoint","urlTemplate":"https:\/\/dks.digital\/mx\/?s={search_term_string}"},"query-input":"required name=search_term_string"}],"inLanguage":"es-MX"},{"@type":"Organization","@id":"https:\/\/dks.digital\/mx\/#organization","name":"DKS, tu centro de estudios especializado en internet","url":"https:\/\/dks.digital\/mx\/","logo":{"@type":"ImageObject","inLanguage":"es-MX","@id":"https:\/\/dks.digital\/mx\/#\/schema\/logo\/image\/","url":"https:\/\/dks.digital\/wp-content\/uploads\/2025\/12\/cropped-cropped-favicon-ks.jpg","contentUrl":"https:\/\/dks.digital\/wp-content\/uploads\/2025\/12\/cropped-cropped-favicon-ks.jpg","width":512,"height":512,"caption":"DKS, tu centro de estudios especializado en internet"},"image":{"@id":"https:\/\/dks.digital\/mx\/#\/schema\/logo\/image\/"}},{"@type":"Person","@id":"https:\/\/dks.digital\/mx\/#\/schema\/person\/6faf69c6ce843175d96680251a0d6723","name":"DKS","image":{"@type":"ImageObject","inLanguage":"es-MX","@id":"https:\/\/dks.digital\/mx\/#\/schema\/person\/image\/","url":"https:\/\/secure.gravatar.com\/avatar\/3cf516e7d2b3c688288c120cdc1768a3?s=96&d=mm&r=g","contentUrl":"https:\/\/secure.gravatar.com\/avatar\/3cf516e7d2b3c688288c120cdc1768a3?s=96&d=mm&r=g","caption":"DKS"}}]}},"_links":{"self":[{"href":"https:\/\/dks.digital\/mx\/wp-json\/wp\/v2\/posts\/87870"}],"collection":[{"href":"https:\/\/dks.digital\/mx\/wp-json\/wp\/v2\/posts"}],"about":[{"href":"https:\/\/dks.digital\/mx\/wp-json\/wp\/v2\/types\/post"}],"author":[{"embeddable":true,"href":"https:\/\/dks.digital\/mx\/wp-json\/wp\/v2\/users\/19"}],"replies":[{"embeddable":true,"href":"https:\/\/dks.digital\/mx\/wp-json\/wp\/v2\/comments?post=87870"}],"version-history":[{"count":0,"href":"https:\/\/dks.digital\/mx\/wp-json\/wp\/v2\/posts\/87870\/revisions"}],"wp:featuredmedia":[{"embeddable":true,"href":"https:\/\/dks.digital\/mx\/wp-json\/wp\/v2\/media\/82966"}],"wp:attachment":[{"href":"https:\/\/dks.digital\/mx\/wp-json\/wp\/v2\/media?parent=87870"}],"wp:term":[{"taxonomy":"category","embeddable":true,"href":"https:\/\/dks.digital\/mx\/wp-json\/wp\/v2\/categories?post=87870"},{"taxonomy":"post_tag","embeddable":true,"href":"https:\/\/dks.digital\/mx\/wp-json\/wp\/v2\/tags?post=87870"}],"curies":[{"name":"wp","href":"https:\/\/api.w.org\/{rel}","templated":true}]}}