{"id":87706,"date":"2015-03-04T16:18:51","date_gmt":"2015-03-04T16:18:51","guid":{"rendered":"https:\/\/dks.digital\/blog\/sin-categoria\/hoy-vivo-donde-quiero-y-tengo-una-situacion-laboral-que-es-de-chapo\/"},"modified":"2015-03-04T16:18:51","modified_gmt":"2015-03-04T16:18:51","slug":"hoy-vivo-donde-quiero-y-tengo-una-situacion-laboral-que-es-de-chapo","status":"publish","type":"post","link":"https:\/\/dks.digital\/mx\/blog\/seo\/hoy-vivo-donde-quiero-y-tengo-una-situacion-laboral-que-es-de-chapo\/","title":{"rendered":"Hoy vivo donde quiero y tengo una situaci\u00f3n laboral que es de chap\u00f3"},"content":{"rendered":"<p>Si por algo destaca <strong><a href=\"https:\/\/twitter.com\/juan_cmsm\" target=\"_blank\" rel=\"noopener noreferrer\">Juan Alarc\u00f3n<\/a><\/strong> es por ser uno de nuestros alumnos m\u00e1s aventureros y con m\u00e1s pasi\u00f3n. Con\u00a039 a\u00f1os, hace m\u00e1s de 7 a\u00f1os quiso \u00a0cambiar su forma de vida, se decidi\u00f3 por el mundo de internet, para no estar atado en ning\u00fan lugar. Actualmente es Sem Manager en un grupo dedicado a la educaci\u00f3n y compagina su trabajo con su pasi\u00f3n por la navegaci\u00f3n. Hemos charlado un rato con \u00e9l sobre su paso por el<strong> <a href=\"https:\/\/dks.digital\/cursos\/master-seo-sem-profesional-madrid\/\" target=\"_blank\" rel=\"noopener noreferrer\">Master SEO-SEM Profesional. <\/a><\/strong><\/p>\n<p><strong>\u00bfPor qu\u00e9 decidiste cursar el <a href=\"https:\/\/dks.digital\/cursos\/master-seo-sem-profesional-madrid\/\" target=\"_blank\" rel=\"noopener noreferrer\">Master SEO-SEM Profesional?<\/a><\/strong><\/p>\n<p>Lo que me motivo a realizar el Master \u00a0fue la necesidad que vimos en mi empresa de ponernos las pilas en estos campos debido a las nuevas empresas que sal\u00edan en nuestro sector en internet y la alta competencia que empezaba a haber en las Serps (Search engine results page o P\u00e1gina de resultados del buscador). Deb\u00edamos mejorar \u00a0en las Serps ya que todo lo que hab\u00edamos realizado hasta ese momento nos hab\u00eda dado muy buenos resultados. Siendo el responsable SEO-SEM de mi empresa me toco a mi decir donde realizar un Master \u00a0(muy agradecido a mi empresa por coste\u00e1rmelo \u00edntegramente), y tras una conversaci\u00f3n en Twitter con Fernando Mu\u00f1oz <a href=\"https:\/\/twitter.com\/senormunoz\" target=\"_blank\" rel=\"noopener noreferrer\"> (@senormunoz<\/a>) me decid\u00ed por este Master en vez de otros.<\/p>\n<p><strong>\u00bfQu\u00e9 destacar\u00edas del M\u00e1ster?<\/strong><\/p>\n<p>La estructura, los profesores, los compa\u00f1eros, el temario, la escuela y principalmente poderlo realizarlo presencialmente (aunque me gustar\u00eda tener los v\u00eddeos del streaming), ese trato personal en los descansos con los compa\u00f1eros y profesores me aporto much\u00edsimo, hoy por hoy sigo teniendo muy buen trato con mis compa\u00f1eros y profesores, \u00a0no dudan en dedicarme \u00a0parte de su tiempo a contestarme las dudas que me puedan surgir y es reciproco.<\/p>\n<p><strong>\u00bfHas mejorado tu recorrido profesional desde tu entrada en DKS?<\/strong><\/p>\n<p>Sin lugar a duda, el cambio fue brutal, he de decir que 2 o 3 a\u00f1os despu\u00e9s ( la verdad no me acuerdo cuando lo realice) sigo trabajando en la misma empresa, sin ning\u00fan tipo de intenci\u00f3n de cambiarme (no todo es dinero en esta vida) y no solo he mejorado profesionalmente, \u00a0si no personalmente, gracias a los resultados obtenidos y la confianza depositada por mi empresa en m\u00ed, hoy vivo donde quiero (mi querida Tarifa) y tengo una situaci\u00f3n laboral que la verdad es de chap\u00f3.<\/p>\n<p><strong>\u00bfC\u00f3mo crees que le ha afectado tu formaci\u00f3n en SEO-SEM a tu empresa?<\/strong><\/p>\n<p>Muy positivamente, nuestros resultados en las Serps han aumentado considerablemente, en la parte de PPC (Pago por clic, o Pay-Per-Click) hemos obtenido muy buenas conversiones a costes m\u00e1s bajos. La empresa aposto por tener un Sem Manager in house y nos ha permitido crecer a un ritmo muy bueno ( todo esto empez\u00f3 con la crisis).<\/p>\n<p><strong>\u00bfComo ves tu futuro? \u00bfNuevos retos?<br \/>\n<\/strong><br \/>\nEl futuro, la verdad no me importa nada, yo vivo el ahora y me ahorro muchos quebraderos de cabeza, en cuanto a nuevos retos, me ha permitido empezar a realizar trabajos como freelance en sectores que me interesan mucho y me apasionan, espero que me sigan saliendo proyectos nuevos y poder seguir con una buena calidad de vida ( vuelvo a decir que el dinero no lo es todo).<\/p>\n<p><strong>\u00bfQu\u00e9 le recomendar\u00edas a un nuevo alumno?<\/strong><\/p>\n<p>Que se tomara el Master como tal, esto no es un curso, \u00a0es un Master y tiene que dedicarle mucho tiempo a estudiar, probar cosas y enredar todo lo que pueda y un poquito m\u00e1s. Yo me lo tomar\u00eda como si estuviera en un convento de clausura ( que horror) y me dedicar\u00eda a muerte al Master para sacarle todo el jugo posible, leer\u00eda todos los libros que recomiendan los profesores, no faltar\u00eda a ninguna clase ( yo falte a alguna y la verdad me toco un poco los h\u2026.) y por supuesto, que se tomara unas buenas birras con los compa\u00f1eros y profesores que se aprende mucho y adem\u00e1s te lo pasas bien.<\/p>\n","protected":false},"excerpt":{"rendered":"<p>Si por algo destaca Juan Alarc\u00f3n es por ser uno de nuestros alumnos m\u00e1s aventureros y con m\u00e1s pasi\u00f3n. Con 39 a\u00f1os, hace m\u00e1s de 7 a\u00f1os quiso  cambiar su forma de vida, se decidi\u00f3 por el mundo de internet, para no estar atado en ning\u00fan lugar&#8230;<\/p>\n","protected":false},"author":19,"featured_media":83250,"comment_status":"closed","ping_status":"open","sticky":false,"template":"","format":"standard","meta":{"_acf_changed":false,"footnotes":""},"categories":[415],"tags":[],"acf":[],"yoast_head":"<!-- This site is optimized with the Yoast SEO plugin v22.5 - https:\/\/yoast.com\/wordpress\/plugins\/seo\/ -->\n<title>Hoy vivo donde quiero y tengo una situaci\u00f3n laboral que es de chap\u00f3 - DKS, tu centro de estudios especializado en internet<\/title>\n<link rel=\"canonical\" href=\"https:\/\/dks.digital\/mx\/blog\/seo\/hoy-vivo-donde-quiero-y-tengo-una-situacion-laboral-que-es-de-chapo\/\" \/>\n<meta property=\"og:locale\" content=\"es_ES\" \/>\n<meta property=\"og:type\" content=\"article\" \/>\n<meta property=\"og:title\" content=\"Hoy vivo donde quiero y tengo una situaci\u00f3n laboral que es de chap\u00f3 - DKS, tu centro de estudios especializado en internet\" \/>\n<meta property=\"og:description\" content=\"Si por algo destaca Juan Alarc\u00f3n es por ser uno de nuestros alumnos m\u00e1s aventureros y con m\u00e1s pasi\u00f3n. Con 39 a\u00f1os, hace m\u00e1s de 7 a\u00f1os quiso cambiar su forma de vida, se decidi\u00f3 por el mundo de internet, para no estar atado en ning\u00fan lugar...\" \/>\n<meta property=\"og:url\" content=\"https:\/\/dks.digital\/mx\/blog\/seo\/hoy-vivo-donde-quiero-y-tengo-una-situacion-laboral-que-es-de-chapo\/\" \/>\n<meta property=\"og:site_name\" content=\"DKS, tu centro de estudios especializado en internet\" \/>\n<meta property=\"article:published_time\" content=\"2015-03-04T16:18:51+00:00\" \/>\n<meta name=\"author\" content=\"DKS\" \/>\n<meta name=\"twitter:card\" content=\"summary_large_image\" \/>\n<script type=\"application\/ld+json\" class=\"yoast-schema-graph\">{\"@context\":\"https:\/\/schema.org\",\"@graph\":[{\"@type\":\"Article\",\"@id\":\"https:\/\/dks.digital\/mx\/blog\/seo\/hoy-vivo-donde-quiero-y-tengo-una-situacion-laboral-que-es-de-chapo\/#article\",\"isPartOf\":{\"@id\":\"https:\/\/dks.digital\/mx\/blog\/seo\/hoy-vivo-donde-quiero-y-tengo-una-situacion-laboral-que-es-de-chapo\/\"},\"author\":{\"name\":\"DKS\",\"@id\":\"https:\/\/dks.digital\/mx\/#\/schema\/person\/6faf69c6ce843175d96680251a0d6723\"},\"headline\":\"Hoy vivo donde quiero y tengo una situaci\u00f3n laboral que es de chap\u00f3\",\"datePublished\":\"2015-03-04T16:18:51+00:00\",\"dateModified\":\"2015-03-04T16:18:51+00:00\",\"mainEntityOfPage\":{\"@id\":\"https:\/\/dks.digital\/mx\/blog\/seo\/hoy-vivo-donde-quiero-y-tengo-una-situacion-laboral-que-es-de-chapo\/\"},\"wordCount\":693,\"publisher\":{\"@id\":\"https:\/\/dks.digital\/mx\/#organization\"},\"image\":{\"@id\":\"https:\/\/dks.digital\/mx\/blog\/seo\/hoy-vivo-donde-quiero-y-tengo-una-situacion-laboral-que-es-de-chapo\/#primaryimage\"},\"thumbnailUrl\":\"https:\/\/dks.digital\/wp-content\/uploads\/2017\/07\/entrevistas_2-1.jpg\",\"articleSection\":[\"SEO\"],\"inLanguage\":\"es-MX\"},{\"@type\":\"WebPage\",\"@id\":\"https:\/\/dks.digital\/mx\/blog\/seo\/hoy-vivo-donde-quiero-y-tengo-una-situacion-laboral-que-es-de-chapo\/\",\"url\":\"https:\/\/dks.digital\/mx\/blog\/seo\/hoy-vivo-donde-quiero-y-tengo-una-situacion-laboral-que-es-de-chapo\/\",\"name\":\"Hoy vivo donde quiero y tengo una situaci\u00f3n laboral que es de chap\u00f3 - DKS, tu centro de estudios especializado en internet\",\"isPartOf\":{\"@id\":\"https:\/\/dks.digital\/mx\/#website\"},\"primaryImageOfPage\":{\"@id\":\"https:\/\/dks.digital\/mx\/blog\/seo\/hoy-vivo-donde-quiero-y-tengo-una-situacion-laboral-que-es-de-chapo\/#primaryimage\"},\"image\":{\"@id\":\"https:\/\/dks.digital\/mx\/blog\/seo\/hoy-vivo-donde-quiero-y-tengo-una-situacion-laboral-que-es-de-chapo\/#primaryimage\"},\"thumbnailUrl\":\"https:\/\/dks.digital\/wp-content\/uploads\/2017\/07\/entrevistas_2-1.jpg\",\"datePublished\":\"2015-03-04T16:18:51+00:00\",\"dateModified\":\"2015-03-04T16:18:51+00:00\",\"inLanguage\":\"es-MX\",\"potentialAction\":[{\"@type\":\"ReadAction\",\"target\":[\"https:\/\/dks.digital\/mx\/blog\/seo\/hoy-vivo-donde-quiero-y-tengo-una-situacion-laboral-que-es-de-chapo\/\"]}]},{\"@type\":\"ImageObject\",\"inLanguage\":\"es-MX\",\"@id\":\"https:\/\/dks.digital\/mx\/blog\/seo\/hoy-vivo-donde-quiero-y-tengo-una-situacion-laboral-que-es-de-chapo\/#primaryimage\",\"url\":\"https:\/\/dks.digital\/wp-content\/uploads\/2017\/07\/entrevistas_2-1.jpg\",\"contentUrl\":\"https:\/\/dks.digital\/wp-content\/uploads\/2017\/07\/entrevistas_2-1.jpg\",\"width\":548,\"height\":386,\"caption\":\"entrevista_DKS\"},{\"@type\":\"WebSite\",\"@id\":\"https:\/\/dks.digital\/mx\/#website\",\"url\":\"https:\/\/dks.digital\/mx\/\",\"name\":\"DKS, tu centro de estudios especializado en internet\",\"description\":\"DKS, la escuela de los profesionales digitales desde hace m\u00e1s de 7 a\u00f1os\",\"publisher\":{\"@id\":\"https:\/\/dks.digital\/mx\/#organization\"},\"potentialAction\":[{\"@type\":\"SearchAction\",\"target\":{\"@type\":\"EntryPoint\",\"urlTemplate\":\"https:\/\/dks.digital\/mx\/?s={search_term_string}\"},\"query-input\":\"required name=search_term_string\"}],\"inLanguage\":\"es-MX\"},{\"@type\":\"Organization\",\"@id\":\"https:\/\/dks.digital\/mx\/#organization\",\"name\":\"DKS, tu centro de estudios especializado en internet\",\"url\":\"https:\/\/dks.digital\/mx\/\",\"logo\":{\"@type\":\"ImageObject\",\"inLanguage\":\"es-MX\",\"@id\":\"https:\/\/dks.digital\/mx\/#\/schema\/logo\/image\/\",\"url\":\"https:\/\/dks.digital\/wp-content\/uploads\/2025\/12\/cropped-cropped-favicon-ks.jpg\",\"contentUrl\":\"https:\/\/dks.digital\/wp-content\/uploads\/2025\/12\/cropped-cropped-favicon-ks.jpg\",\"width\":512,\"height\":512,\"caption\":\"DKS, tu centro de estudios especializado en internet\"},\"image\":{\"@id\":\"https:\/\/dks.digital\/mx\/#\/schema\/logo\/image\/\"}},{\"@type\":\"Person\",\"@id\":\"https:\/\/dks.digital\/mx\/#\/schema\/person\/6faf69c6ce843175d96680251a0d6723\",\"name\":\"DKS\",\"image\":{\"@type\":\"ImageObject\",\"inLanguage\":\"es-MX\",\"@id\":\"https:\/\/dks.digital\/mx\/#\/schema\/person\/image\/\",\"url\":\"https:\/\/secure.gravatar.com\/avatar\/3cf516e7d2b3c688288c120cdc1768a3?s=96&d=mm&r=g\",\"contentUrl\":\"https:\/\/secure.gravatar.com\/avatar\/3cf516e7d2b3c688288c120cdc1768a3?s=96&d=mm&r=g\",\"caption\":\"DKS\"}}]}<\/script>\n<!-- \/ Yoast SEO plugin. -->","yoast_head_json":{"title":"Hoy vivo donde quiero y tengo una situaci\u00f3n laboral que es de chap\u00f3 - DKS, tu centro de estudios especializado en internet","canonical":"https:\/\/dks.digital\/mx\/blog\/seo\/hoy-vivo-donde-quiero-y-tengo-una-situacion-laboral-que-es-de-chapo\/","og_locale":"es_ES","og_type":"article","og_title":"Hoy vivo donde quiero y tengo una situaci\u00f3n laboral que es de chap\u00f3 - DKS, tu centro de estudios especializado en internet","og_description":"Si por algo destaca Juan Alarc\u00f3n es por ser uno de nuestros alumnos m\u00e1s aventureros y con m\u00e1s pasi\u00f3n. Con 39 a\u00f1os, hace m\u00e1s de 7 a\u00f1os quiso cambiar su forma de vida, se decidi\u00f3 por el mundo de internet, para no estar atado en ning\u00fan lugar...","og_url":"https:\/\/dks.digital\/mx\/blog\/seo\/hoy-vivo-donde-quiero-y-tengo-una-situacion-laboral-que-es-de-chapo\/","og_site_name":"DKS, tu centro de estudios especializado en internet","article_published_time":"2015-03-04T16:18:51+00:00","author":"DKS","twitter_card":"summary_large_image","schema":{"@context":"https:\/\/schema.org","@graph":[{"@type":"Article","@id":"https:\/\/dks.digital\/mx\/blog\/seo\/hoy-vivo-donde-quiero-y-tengo-una-situacion-laboral-que-es-de-chapo\/#article","isPartOf":{"@id":"https:\/\/dks.digital\/mx\/blog\/seo\/hoy-vivo-donde-quiero-y-tengo-una-situacion-laboral-que-es-de-chapo\/"},"author":{"name":"DKS","@id":"https:\/\/dks.digital\/mx\/#\/schema\/person\/6faf69c6ce843175d96680251a0d6723"},"headline":"Hoy vivo donde quiero y tengo una situaci\u00f3n laboral que es de chap\u00f3","datePublished":"2015-03-04T16:18:51+00:00","dateModified":"2015-03-04T16:18:51+00:00","mainEntityOfPage":{"@id":"https:\/\/dks.digital\/mx\/blog\/seo\/hoy-vivo-donde-quiero-y-tengo-una-situacion-laboral-que-es-de-chapo\/"},"wordCount":693,"publisher":{"@id":"https:\/\/dks.digital\/mx\/#organization"},"image":{"@id":"https:\/\/dks.digital\/mx\/blog\/seo\/hoy-vivo-donde-quiero-y-tengo-una-situacion-laboral-que-es-de-chapo\/#primaryimage"},"thumbnailUrl":"https:\/\/dks.digital\/wp-content\/uploads\/2017\/07\/entrevistas_2-1.jpg","articleSection":["SEO"],"inLanguage":"es-MX"},{"@type":"WebPage","@id":"https:\/\/dks.digital\/mx\/blog\/seo\/hoy-vivo-donde-quiero-y-tengo-una-situacion-laboral-que-es-de-chapo\/","url":"https:\/\/dks.digital\/mx\/blog\/seo\/hoy-vivo-donde-quiero-y-tengo-una-situacion-laboral-que-es-de-chapo\/","name":"Hoy vivo donde quiero y tengo una situaci\u00f3n laboral que es de chap\u00f3 - DKS, tu centro de estudios especializado en internet","isPartOf":{"@id":"https:\/\/dks.digital\/mx\/#website"},"primaryImageOfPage":{"@id":"https:\/\/dks.digital\/mx\/blog\/seo\/hoy-vivo-donde-quiero-y-tengo-una-situacion-laboral-que-es-de-chapo\/#primaryimage"},"image":{"@id":"https:\/\/dks.digital\/mx\/blog\/seo\/hoy-vivo-donde-quiero-y-tengo-una-situacion-laboral-que-es-de-chapo\/#primaryimage"},"thumbnailUrl":"https:\/\/dks.digital\/wp-content\/uploads\/2017\/07\/entrevistas_2-1.jpg","datePublished":"2015-03-04T16:18:51+00:00","dateModified":"2015-03-04T16:18:51+00:00","inLanguage":"es-MX","potentialAction":[{"@type":"ReadAction","target":["https:\/\/dks.digital\/mx\/blog\/seo\/hoy-vivo-donde-quiero-y-tengo-una-situacion-laboral-que-es-de-chapo\/"]}]},{"@type":"ImageObject","inLanguage":"es-MX","@id":"https:\/\/dks.digital\/mx\/blog\/seo\/hoy-vivo-donde-quiero-y-tengo-una-situacion-laboral-que-es-de-chapo\/#primaryimage","url":"https:\/\/dks.digital\/wp-content\/uploads\/2017\/07\/entrevistas_2-1.jpg","contentUrl":"https:\/\/dks.digital\/wp-content\/uploads\/2017\/07\/entrevistas_2-1.jpg","width":548,"height":386,"caption":"entrevista_DKS"},{"@type":"WebSite","@id":"https:\/\/dks.digital\/mx\/#website","url":"https:\/\/dks.digital\/mx\/","name":"DKS, tu centro de estudios especializado en internet","description":"DKS, la escuela de los profesionales digitales desde hace m\u00e1s de 7 a\u00f1os","publisher":{"@id":"https:\/\/dks.digital\/mx\/#organization"},"potentialAction":[{"@type":"SearchAction","target":{"@type":"EntryPoint","urlTemplate":"https:\/\/dks.digital\/mx\/?s={search_term_string}"},"query-input":"required name=search_term_string"}],"inLanguage":"es-MX"},{"@type":"Organization","@id":"https:\/\/dks.digital\/mx\/#organization","name":"DKS, tu centro de estudios especializado en internet","url":"https:\/\/dks.digital\/mx\/","logo":{"@type":"ImageObject","inLanguage":"es-MX","@id":"https:\/\/dks.digital\/mx\/#\/schema\/logo\/image\/","url":"https:\/\/dks.digital\/wp-content\/uploads\/2025\/12\/cropped-cropped-favicon-ks.jpg","contentUrl":"https:\/\/dks.digital\/wp-content\/uploads\/2025\/12\/cropped-cropped-favicon-ks.jpg","width":512,"height":512,"caption":"DKS, tu centro de estudios especializado en internet"},"image":{"@id":"https:\/\/dks.digital\/mx\/#\/schema\/logo\/image\/"}},{"@type":"Person","@id":"https:\/\/dks.digital\/mx\/#\/schema\/person\/6faf69c6ce843175d96680251a0d6723","name":"DKS","image":{"@type":"ImageObject","inLanguage":"es-MX","@id":"https:\/\/dks.digital\/mx\/#\/schema\/person\/image\/","url":"https:\/\/secure.gravatar.com\/avatar\/3cf516e7d2b3c688288c120cdc1768a3?s=96&d=mm&r=g","contentUrl":"https:\/\/secure.gravatar.com\/avatar\/3cf516e7d2b3c688288c120cdc1768a3?s=96&d=mm&r=g","caption":"DKS"}}]}},"_links":{"self":[{"href":"https:\/\/dks.digital\/mx\/wp-json\/wp\/v2\/posts\/87706"}],"collection":[{"href":"https:\/\/dks.digital\/mx\/wp-json\/wp\/v2\/posts"}],"about":[{"href":"https:\/\/dks.digital\/mx\/wp-json\/wp\/v2\/types\/post"}],"author":[{"embeddable":true,"href":"https:\/\/dks.digital\/mx\/wp-json\/wp\/v2\/users\/19"}],"replies":[{"embeddable":true,"href":"https:\/\/dks.digital\/mx\/wp-json\/wp\/v2\/comments?post=87706"}],"version-history":[{"count":0,"href":"https:\/\/dks.digital\/mx\/wp-json\/wp\/v2\/posts\/87706\/revisions"}],"wp:featuredmedia":[{"embeddable":true,"href":"https:\/\/dks.digital\/mx\/wp-json\/wp\/v2\/media\/83250"}],"wp:attachment":[{"href":"https:\/\/dks.digital\/mx\/wp-json\/wp\/v2\/media?parent=87706"}],"wp:term":[{"taxonomy":"category","embeddable":true,"href":"https:\/\/dks.digital\/mx\/wp-json\/wp\/v2\/categories?post=87706"},{"taxonomy":"post_tag","embeddable":true,"href":"https:\/\/dks.digital\/mx\/wp-json\/wp\/v2\/tags?post=87706"}],"curies":[{"name":"wp","href":"https:\/\/api.w.org\/{rel}","templated":true}]}}