{"id":87660,"date":"2015-06-03T11:43:11","date_gmt":"2015-06-03T11:43:11","guid":{"rendered":"https:\/\/dks.digital\/blog\/sin-categoria\/entrevistamos-a-miguel-lopez-director-del-master-seosem-profesional\/"},"modified":"2015-06-03T11:43:11","modified_gmt":"2015-06-03T11:43:11","slug":"entrevistamos-a-miguel-lopez-director-del-master-seosem-profesional","status":"publish","type":"post","link":"https:\/\/dks.digital\/mx\/blog\/seo\/entrevistamos-a-miguel-lopez-director-del-master-seosem-profesional\/","title":{"rendered":"Entrevistamos a Miguel L\u00f3pez, Director del M\u00e1ster SEO\/SEM Profesional"},"content":{"rendered":"<p>Estamos a pleno lanzamiento de la siguiente edici\u00f3n del M\u00e1ster SEO\/SEM y hemos entrevistado a su director <a href=\"https:\/\/twitter.com\/miguellopezgo\" target=\"_blank\" rel=\"noopener noreferrer\">Miguel L\u00f3pez <\/a>para que nos aporte detalles sobre esta nueva edici\u00f3n.<\/p>\n<p><strong>Miguel, \u00bfC\u00f3mo est\u00e1 funcionando esta convocatoria?<\/strong><\/p>\n<p>La verdad es que est\u00e1 teniendo mucho \u00e9xito, como las anteriores, y a falta de 4 meses para comenzar las clases ya hemos completado la mitad de las plazas. Hay factores que ayudan mucho, como el descuento por matricularse antes de verano, o que esta edici\u00f3n no tendr\u00e1 streaming y ser\u00e1 solo presencial. En Barcelona se est\u00e1 afianzando, aunque solo hayamos realizado una edici\u00f3n all\u00ed, pero la empleabilidad del curso es un factor cr\u00edtico y ayuda mucho.<\/p>\n<p><strong>\u00bfEmpleabilidad?. \u00bfEs este M\u00e1ster un buen lugar d\u00f3nde encontrar empleo? <\/strong><\/p>\n<p>Muy bueno. En Barcelona todos consiguieron empleo durante el curso, sobre todo en las agencias del claustro de docentes. Pero incluso un alumno fue contratado por otro compa\u00f1ero de la misma clase. En Madrid, pese a ser algunos m\u00e1s, tambi\u00e9n han conseguido trabajo pr\u00e1cticamente todos en poco m\u00e1s de tres meses. Ten en cuenta que muchos ex alumnos y docentes trabajan en las agencias que los pueden contratar, lo que refuerza mucho la <em>empleabilidad<\/em> del M\u00e1ster.<\/p>\n<p><strong>\u00bfSe termina formando una comunidad de ex alumnos?<\/strong><\/p>\n<p>Bueno, no tanto como una asociaci\u00f3n o un grupo formal, pero a nivel de SEO profesional acabamos conoci\u00e9ndonos todos. Ahora en Julio tenemos el <a href=\"http:\/\/www.congresoseoprofesional.com\/\" target=\"_blank\" rel=\"noopener noreferrer\">Congreso SEO<\/a> y muchos aprovechan para completar su formaci\u00f3n y volver a retomar el contacto con los compa\u00f1eros de promoci\u00f3n. Algunos alumnos del mismo curso trabajan juntos, hay foros y chats de grupos donde coincidimos y, al final, no es un sector tan grande. Los ex alumnos ya son profesionales que trabajan en agencias y mantienen el contacto con los dem\u00e1s en este tipo de congresos.<\/p>\n<p><strong>\u00bfQu\u00e9 novedades hay para la siguiente edici\u00f3n del M\u00e1ster?<\/strong><\/p>\n<p>A nivel de contenidos son muy similares, con las actualizaciones propias del mercado. Pero cambiamos la estructura de las clases, agrupando m\u00e1s las tem\u00e1ticas. Reducimos la introducci\u00f3n al SEO y marketing online y damos primero el bloque PPC, luego el bloque de clases de SEO y acabamos con los m\u00f3dulos de especializaci\u00f3n SEO y Analytics. Se incorporan docentes nuevos, como Sergio Simarro y Javier Agudo y ampliamos las sesiones pr\u00e1cticas en AdWords, as\u00ed nos adaptamos a las necesidades de los alumnos y seguimos siendo el M\u00e1ster de SEO y PPC m\u00e1s completo.<\/p>\n<p>Twitter:\u00a0<a href=\"https:\/\/twitter.com\/MiguelLopezGo\" target=\"_blank\" rel=\"noopener noreferrer\">@MiguelLopezGo<\/a><\/p>\n<p>&nbsp;<\/p>\n<div>\n<p style=\"text-align: center;\"><strong>Responsable del <a href=\"https:\/\/dks.digital\/cursos\/master-seo-sem-profesional-madrid\/\" target=\"_blank\" rel=\"noopener noreferrer\">M\u00e1ster SEO \/ SEM Profesional<\/a>: rocio.salinas@dks.digital<\/strong><\/p>\n<p style=\"text-align: center;\"><strong>Tel\u00e9fonos:\u00a091 577 83 41 \/ 91 355 42 97<\/strong><\/p>\n<p style=\"text-align: center;\"><strong>Twitter:\u00a0<a href=\"https:\/\/twitter.com\/DKScom\" target=\"_blank\" rel=\"noopener noreferrer\">@DKScom<\/a><\/strong><\/p>\n<\/div>\n<p>&nbsp;<\/p>\n<p>&nbsp;<\/p>\n<p>&nbsp;<\/p>\n","protected":false},"excerpt":{"rendered":"<p>Estamos a pleno lanzamiento de la siguiente edici\u00f3n del M\u00e1ster SEO+SEM y hemos entrevistado a su director Miguel L\u00f3pez para que nos aporte detalles sobre esta nueva edici\u00f3n. Charlamos con \u00e9l sobre empleabilidad, comunidad, congresos y novedades en el M\u00e1ster que dirige.<\/p>\n","protected":false},"author":19,"featured_media":0,"comment_status":"closed","ping_status":"open","sticky":false,"template":"","format":"standard","meta":{"_acf_changed":false,"footnotes":""},"categories":[415],"tags":[424],"acf":[],"yoast_head":"<!-- This site is optimized with the Yoast SEO plugin v22.5 - https:\/\/yoast.com\/wordpress\/plugins\/seo\/ -->\n<title>Entrevistamos a Miguel L\u00f3pez, Director del M\u00e1ster SEO\/SEM Profesional - DKS, tu centro de estudios especializado en internet<\/title>\n<link rel=\"canonical\" href=\"https:\/\/dks.digital\/mx\/blog\/seo\/entrevistamos-a-miguel-lopez-director-del-master-seosem-profesional\/\" \/>\n<meta property=\"og:locale\" content=\"es_ES\" \/>\n<meta property=\"og:type\" content=\"article\" \/>\n<meta property=\"og:title\" content=\"Entrevistamos a Miguel L\u00f3pez, Director del M\u00e1ster SEO\/SEM Profesional - DKS, tu centro de estudios especializado en internet\" \/>\n<meta property=\"og:description\" content=\"Estamos a pleno lanzamiento de la siguiente edici\u00f3n del M\u00e1ster SEO+SEM y hemos entrevistado a su director Miguel L\u00f3pez para que nos aporte detalles sobre esta nueva edici\u00f3n. Charlamos con \u00e9l sobre empleabilidad, comunidad, congresos y novedades en el M\u00e1ster que dirige.\" \/>\n<meta property=\"og:url\" content=\"https:\/\/dks.digital\/mx\/blog\/seo\/entrevistamos-a-miguel-lopez-director-del-master-seosem-profesional\/\" \/>\n<meta property=\"og:site_name\" content=\"DKS, tu centro de estudios especializado en internet\" \/>\n<meta property=\"article:published_time\" content=\"2015-06-03T11:43:11+00:00\" \/>\n<meta name=\"author\" content=\"DKS\" \/>\n<meta name=\"twitter:card\" content=\"summary_large_image\" \/>\n<script type=\"application\/ld+json\" class=\"yoast-schema-graph\">{\"@context\":\"https:\/\/schema.org\",\"@graph\":[{\"@type\":\"Article\",\"@id\":\"https:\/\/dks.digital\/mx\/blog\/seo\/entrevistamos-a-miguel-lopez-director-del-master-seosem-profesional\/#article\",\"isPartOf\":{\"@id\":\"https:\/\/dks.digital\/mx\/blog\/seo\/entrevistamos-a-miguel-lopez-director-del-master-seosem-profesional\/\"},\"author\":{\"name\":\"DKS\",\"@id\":\"https:\/\/dks.digital\/mx\/#\/schema\/person\/6faf69c6ce843175d96680251a0d6723\"},\"headline\":\"Entrevistamos a Miguel L\u00f3pez, Director del M\u00e1ster SEO\/SEM Profesional\",\"datePublished\":\"2015-06-03T11:43:11+00:00\",\"dateModified\":\"2015-06-03T11:43:11+00:00\",\"mainEntityOfPage\":{\"@id\":\"https:\/\/dks.digital\/mx\/blog\/seo\/entrevistamos-a-miguel-lopez-director-del-master-seosem-profesional\/\"},\"wordCount\":461,\"publisher\":{\"@id\":\"https:\/\/dks.digital\/mx\/#organization\"},\"keywords\":[\"seo\"],\"articleSection\":[\"SEO\"],\"inLanguage\":\"es-MX\"},{\"@type\":\"WebPage\",\"@id\":\"https:\/\/dks.digital\/mx\/blog\/seo\/entrevistamos-a-miguel-lopez-director-del-master-seosem-profesional\/\",\"url\":\"https:\/\/dks.digital\/mx\/blog\/seo\/entrevistamos-a-miguel-lopez-director-del-master-seosem-profesional\/\",\"name\":\"Entrevistamos a Miguel L\u00f3pez, Director del M\u00e1ster SEO\/SEM Profesional - DKS, tu centro de estudios especializado en internet\",\"isPartOf\":{\"@id\":\"https:\/\/dks.digital\/mx\/#website\"},\"datePublished\":\"2015-06-03T11:43:11+00:00\",\"dateModified\":\"2015-06-03T11:43:11+00:00\",\"inLanguage\":\"es-MX\",\"potentialAction\":[{\"@type\":\"ReadAction\",\"target\":[\"https:\/\/dks.digital\/mx\/blog\/seo\/entrevistamos-a-miguel-lopez-director-del-master-seosem-profesional\/\"]}]},{\"@type\":\"WebSite\",\"@id\":\"https:\/\/dks.digital\/mx\/#website\",\"url\":\"https:\/\/dks.digital\/mx\/\",\"name\":\"DKS, tu centro de estudios especializado en internet\",\"description\":\"DKS, la escuela de los profesionales digitales desde hace m\u00e1s de 7 a\u00f1os\",\"publisher\":{\"@id\":\"https:\/\/dks.digital\/mx\/#organization\"},\"potentialAction\":[{\"@type\":\"SearchAction\",\"target\":{\"@type\":\"EntryPoint\",\"urlTemplate\":\"https:\/\/dks.digital\/mx\/?s={search_term_string}\"},\"query-input\":\"required name=search_term_string\"}],\"inLanguage\":\"es-MX\"},{\"@type\":\"Organization\",\"@id\":\"https:\/\/dks.digital\/mx\/#organization\",\"name\":\"DKS, tu centro de estudios especializado en internet\",\"url\":\"https:\/\/dks.digital\/mx\/\",\"logo\":{\"@type\":\"ImageObject\",\"inLanguage\":\"es-MX\",\"@id\":\"https:\/\/dks.digital\/mx\/#\/schema\/logo\/image\/\",\"url\":\"https:\/\/dks.digital\/wp-content\/uploads\/2025\/12\/cropped-cropped-favicon-ks.jpg\",\"contentUrl\":\"https:\/\/dks.digital\/wp-content\/uploads\/2025\/12\/cropped-cropped-favicon-ks.jpg\",\"width\":512,\"height\":512,\"caption\":\"DKS, tu centro de estudios especializado en internet\"},\"image\":{\"@id\":\"https:\/\/dks.digital\/mx\/#\/schema\/logo\/image\/\"}},{\"@type\":\"Person\",\"@id\":\"https:\/\/dks.digital\/mx\/#\/schema\/person\/6faf69c6ce843175d96680251a0d6723\",\"name\":\"DKS\",\"image\":{\"@type\":\"ImageObject\",\"inLanguage\":\"es-MX\",\"@id\":\"https:\/\/dks.digital\/mx\/#\/schema\/person\/image\/\",\"url\":\"https:\/\/secure.gravatar.com\/avatar\/3cf516e7d2b3c688288c120cdc1768a3?s=96&d=mm&r=g\",\"contentUrl\":\"https:\/\/secure.gravatar.com\/avatar\/3cf516e7d2b3c688288c120cdc1768a3?s=96&d=mm&r=g\",\"caption\":\"DKS\"}}]}<\/script>\n<!-- \/ Yoast SEO plugin. -->","yoast_head_json":{"title":"Entrevistamos a Miguel L\u00f3pez, Director del M\u00e1ster SEO\/SEM Profesional - DKS, tu centro de estudios especializado en internet","canonical":"https:\/\/dks.digital\/mx\/blog\/seo\/entrevistamos-a-miguel-lopez-director-del-master-seosem-profesional\/","og_locale":"es_ES","og_type":"article","og_title":"Entrevistamos a Miguel L\u00f3pez, Director del M\u00e1ster SEO\/SEM Profesional - DKS, tu centro de estudios especializado en internet","og_description":"Estamos a pleno lanzamiento de la siguiente edici\u00f3n del M\u00e1ster SEO+SEM y hemos entrevistado a su director Miguel L\u00f3pez para que nos aporte detalles sobre esta nueva edici\u00f3n. Charlamos con \u00e9l sobre empleabilidad, comunidad, congresos y novedades en el M\u00e1ster que dirige.","og_url":"https:\/\/dks.digital\/mx\/blog\/seo\/entrevistamos-a-miguel-lopez-director-del-master-seosem-profesional\/","og_site_name":"DKS, tu centro de estudios especializado en internet","article_published_time":"2015-06-03T11:43:11+00:00","author":"DKS","twitter_card":"summary_large_image","schema":{"@context":"https:\/\/schema.org","@graph":[{"@type":"Article","@id":"https:\/\/dks.digital\/mx\/blog\/seo\/entrevistamos-a-miguel-lopez-director-del-master-seosem-profesional\/#article","isPartOf":{"@id":"https:\/\/dks.digital\/mx\/blog\/seo\/entrevistamos-a-miguel-lopez-director-del-master-seosem-profesional\/"},"author":{"name":"DKS","@id":"https:\/\/dks.digital\/mx\/#\/schema\/person\/6faf69c6ce843175d96680251a0d6723"},"headline":"Entrevistamos a Miguel L\u00f3pez, Director del M\u00e1ster SEO\/SEM Profesional","datePublished":"2015-06-03T11:43:11+00:00","dateModified":"2015-06-03T11:43:11+00:00","mainEntityOfPage":{"@id":"https:\/\/dks.digital\/mx\/blog\/seo\/entrevistamos-a-miguel-lopez-director-del-master-seosem-profesional\/"},"wordCount":461,"publisher":{"@id":"https:\/\/dks.digital\/mx\/#organization"},"keywords":["seo"],"articleSection":["SEO"],"inLanguage":"es-MX"},{"@type":"WebPage","@id":"https:\/\/dks.digital\/mx\/blog\/seo\/entrevistamos-a-miguel-lopez-director-del-master-seosem-profesional\/","url":"https:\/\/dks.digital\/mx\/blog\/seo\/entrevistamos-a-miguel-lopez-director-del-master-seosem-profesional\/","name":"Entrevistamos a Miguel L\u00f3pez, Director del M\u00e1ster SEO\/SEM Profesional - DKS, tu centro de estudios especializado en internet","isPartOf":{"@id":"https:\/\/dks.digital\/mx\/#website"},"datePublished":"2015-06-03T11:43:11+00:00","dateModified":"2015-06-03T11:43:11+00:00","inLanguage":"es-MX","potentialAction":[{"@type":"ReadAction","target":["https:\/\/dks.digital\/mx\/blog\/seo\/entrevistamos-a-miguel-lopez-director-del-master-seosem-profesional\/"]}]},{"@type":"WebSite","@id":"https:\/\/dks.digital\/mx\/#website","url":"https:\/\/dks.digital\/mx\/","name":"DKS, tu centro de estudios especializado en internet","description":"DKS, la escuela de los profesionales digitales desde hace m\u00e1s de 7 a\u00f1os","publisher":{"@id":"https:\/\/dks.digital\/mx\/#organization"},"potentialAction":[{"@type":"SearchAction","target":{"@type":"EntryPoint","urlTemplate":"https:\/\/dks.digital\/mx\/?s={search_term_string}"},"query-input":"required name=search_term_string"}],"inLanguage":"es-MX"},{"@type":"Organization","@id":"https:\/\/dks.digital\/mx\/#organization","name":"DKS, tu centro de estudios especializado en internet","url":"https:\/\/dks.digital\/mx\/","logo":{"@type":"ImageObject","inLanguage":"es-MX","@id":"https:\/\/dks.digital\/mx\/#\/schema\/logo\/image\/","url":"https:\/\/dks.digital\/wp-content\/uploads\/2025\/12\/cropped-cropped-favicon-ks.jpg","contentUrl":"https:\/\/dks.digital\/wp-content\/uploads\/2025\/12\/cropped-cropped-favicon-ks.jpg","width":512,"height":512,"caption":"DKS, tu centro de estudios especializado en internet"},"image":{"@id":"https:\/\/dks.digital\/mx\/#\/schema\/logo\/image\/"}},{"@type":"Person","@id":"https:\/\/dks.digital\/mx\/#\/schema\/person\/6faf69c6ce843175d96680251a0d6723","name":"DKS","image":{"@type":"ImageObject","inLanguage":"es-MX","@id":"https:\/\/dks.digital\/mx\/#\/schema\/person\/image\/","url":"https:\/\/secure.gravatar.com\/avatar\/3cf516e7d2b3c688288c120cdc1768a3?s=96&d=mm&r=g","contentUrl":"https:\/\/secure.gravatar.com\/avatar\/3cf516e7d2b3c688288c120cdc1768a3?s=96&d=mm&r=g","caption":"DKS"}}]}},"_links":{"self":[{"href":"https:\/\/dks.digital\/mx\/wp-json\/wp\/v2\/posts\/87660"}],"collection":[{"href":"https:\/\/dks.digital\/mx\/wp-json\/wp\/v2\/posts"}],"about":[{"href":"https:\/\/dks.digital\/mx\/wp-json\/wp\/v2\/types\/post"}],"author":[{"embeddable":true,"href":"https:\/\/dks.digital\/mx\/wp-json\/wp\/v2\/users\/19"}],"replies":[{"embeddable":true,"href":"https:\/\/dks.digital\/mx\/wp-json\/wp\/v2\/comments?post=87660"}],"version-history":[{"count":0,"href":"https:\/\/dks.digital\/mx\/wp-json\/wp\/v2\/posts\/87660\/revisions"}],"wp:attachment":[{"href":"https:\/\/dks.digital\/mx\/wp-json\/wp\/v2\/media?parent=87660"}],"wp:term":[{"taxonomy":"category","embeddable":true,"href":"https:\/\/dks.digital\/mx\/wp-json\/wp\/v2\/categories?post=87660"},{"taxonomy":"post_tag","embeddable":true,"href":"https:\/\/dks.digital\/mx\/wp-json\/wp\/v2\/tags?post=87660"}],"curies":[{"name":"wp","href":"https:\/\/api.w.org\/{rel}","templated":true}]}}