{"id":87625,"date":"2015-03-10T12:25:00","date_gmt":"2015-03-10T12:25:00","guid":{"rendered":"https:\/\/dks.digital\/blog\/sin-categoria\/ahora-no-solo-vivo-los-proyectos-de-cerca-soy-parte-de-ellos\/"},"modified":"2015-03-10T12:25:00","modified_gmt":"2015-03-10T12:25:00","slug":"ahora-no-solo-vivo-los-proyectos-de-cerca-soy-parte-de-ellos","status":"publish","type":"post","link":"https:\/\/dks.digital\/mx\/blog\/usabilidad-ux\/ahora-no-solo-vivo-los-proyectos-de-cerca-soy-parte-de-ellos\/","title":{"rendered":"Ahora no solo vivo los proyectos de cerca, soy parte de ellos"},"content":{"rendered":"<p><strong><a href=\"https:\/\/twitter.com\/VelascoGomezM\" target=\"_blank\" rel=\"noopener noreferrer\">Mar\u00eda Velasco<\/a><\/strong> forma desde hace un a\u00f1o parte del equipo Secuoyas en el departamento de Comunicaci\u00f3n y Medios Sociales. Apasionada del UX y del dise\u00f1o de interacci\u00f3n, trabajando en Secuoyas decidi\u00f3 enfocarse en este nuevo campo. Considera el <strong><a href=\"https:\/\/dks.digital\/cursos\/master-de-ux-usabilidad-y-experiencia-de-usuario-en-madrid\/\" target=\"_blank\" rel=\"noopener noreferrer\">Master de Usabilidad y Experiencia de Usuario <\/a><\/strong>tanto un reto profesional como personal para convertirse en toda una UX Ninja.<\/p>\n<p><strong>\u00bfPor qu\u00e9 decidiste cursar el <a href=\"https:\/\/dks.digital\/cursos\/master-de-ux-usabilidad-y-experiencia-de-usuario-en-madrid\/\" target=\"_blank\" rel=\"noopener noreferrer\">Master de Experiencia de Usuario? <\/a><\/strong><br \/>\nPorque trabajando en Secuoyas he tenido la oportunidad de ver proyectos UX de cerca y me llamaba la atenci\u00f3n la metodolog\u00eda y el desarrollo de funcionalidades. Por eso, hace un a\u00f1o decid\u00ed apostar por UX para formaci\u00f3n complementaria, creo que aunque venga del mundo del marketing me va a ayudar a tener otra visi\u00f3n del mundo web.<\/p>\n<p><strong>\u00bfQu\u00e9 destacar\u00edas del Master?<br \/>\n<\/strong>Profesionalidad de los profesores. Todos son grandes profesionales y con much\u00edsimo conocimiento en la materia. La directora del m\u00e1ster <strong>Luz,<\/strong> es todo un referente en el mundo del UX y sus clases son de no parar de apuntar consejos. Son como fuentes de sabidur\u00eda que te lo dan todo en las clases. Adem\u00e1s el hecho de tener siempre una parte pr\u00e1ctica ayuda a afianzar conocimientos.<\/p>\n<p><strong>\u00bfHas mejorado tu recorrido profesional desde tu entrada en DKS? <\/strong><br \/>\nS\u00ed, ahora no solo vivo los proyectos de cerca, soy parte de ellos :). Desde que empec\u00e9 con el m\u00e1ster he llevado varios proyectos de UX y estoy preparada para formar parte de equipos profesionales.<\/p>\n<p><strong>\u00bfC\u00f3mo crees que le ha afectado tu formaci\u00f3n en UX a tu empresa? <\/strong><br \/>\nCreo que al estar m\u00e1s capacitada soy capaz de ayudar m\u00e1s con proyectos UX. Mi empresa apost\u00f3 por esta formaci\u00f3n y creo que mis trabajos de UX est\u00e1n retornando la inversi\u00f3n que hizo la empresa en mi formaci\u00f3n.<\/p>\n<p><strong>\u00bfC\u00f3mo ves tu futuro? Nuevos retos? <\/strong><br \/>\nMe veo en el departamento de UX :), como dise\u00f1adora de experiencia de usuario. Me encantar\u00eda llevar proyectos grandes y siempre estar en contacto con los grandes profesionales que me han ense\u00f1ado en este master.<\/p>\n<p><strong>\u00bfQu\u00e9 le recomendar\u00edas a un nuevo alumno? <\/strong><br \/>\nQue saque todo el provecho al m\u00e1ster porque es corto y muy intenso pero merece la pena. Las clases son largas y a veces cuesta porque es viernes por la tarde y se est\u00e1 cansado sobre todo si tambi\u00e9n se trabaja pero se hacen muy amenas y din\u00e1micas. Lo importante es ser una esponja y atrapar todos los conocimientos.<\/p>\n","protected":false},"excerpt":{"rendered":"<p>Mar\u00eda Velasco forma desde hace un a\u00f1o parte del equipo Secuoyas en el departamento de Comunicaci\u00f3n y Medios Sociales. Apasionada del UX y del dise\u00f1o de interacci\u00f3n, trabajando en Secuoyas decidi\u00f3 enfocarse en este nuevo campo. Considera el Master de Usabilidad y Experiencia de Usuario tanto un reto profesional&#8230;<\/p>\n","protected":false},"author":19,"featured_media":0,"comment_status":"closed","ping_status":"open","sticky":false,"template":"","format":"standard","meta":{"_acf_changed":false,"footnotes":""},"categories":[416],"tags":[],"acf":[],"yoast_head":"<!-- This site is optimized with the Yoast SEO plugin v22.5 - https:\/\/yoast.com\/wordpress\/plugins\/seo\/ -->\n<title>Ahora no solo vivo los proyectos de cerca, soy parte de ellos - DKS, tu centro de estudios especializado en internet<\/title>\n<link rel=\"canonical\" href=\"https:\/\/dks.digital\/mx\/blog\/usabilidad-ux\/ahora-no-solo-vivo-los-proyectos-de-cerca-soy-parte-de-ellos\/\" \/>\n<meta property=\"og:locale\" content=\"es_ES\" \/>\n<meta property=\"og:type\" content=\"article\" \/>\n<meta property=\"og:title\" content=\"Ahora no solo vivo los proyectos de cerca, soy parte de ellos - DKS, tu centro de estudios especializado en internet\" \/>\n<meta property=\"og:description\" content=\"Mar\u00eda Velasco forma desde hace un a\u00f1o parte del equipo Secuoyas en el departamento de Comunicaci\u00f3n y Medios Sociales. Apasionada del UX y del dise\u00f1o de interacci\u00f3n, trabajando en Secuoyas decidi\u00f3 enfocarse en este nuevo campo. Considera el Master de Usabilidad y Experiencia de Usuario tanto un reto profesional...\" \/>\n<meta property=\"og:url\" content=\"https:\/\/dks.digital\/mx\/blog\/usabilidad-ux\/ahora-no-solo-vivo-los-proyectos-de-cerca-soy-parte-de-ellos\/\" \/>\n<meta property=\"og:site_name\" content=\"DKS, tu centro de estudios especializado en internet\" \/>\n<meta property=\"article:published_time\" content=\"2015-03-10T12:25:00+00:00\" \/>\n<meta name=\"author\" content=\"DKS\" \/>\n<meta name=\"twitter:card\" content=\"summary_large_image\" \/>\n<script type=\"application\/ld+json\" class=\"yoast-schema-graph\">{\"@context\":\"https:\/\/schema.org\",\"@graph\":[{\"@type\":\"Article\",\"@id\":\"https:\/\/dks.digital\/mx\/blog\/usabilidad-ux\/ahora-no-solo-vivo-los-proyectos-de-cerca-soy-parte-de-ellos\/#article\",\"isPartOf\":{\"@id\":\"https:\/\/dks.digital\/mx\/blog\/usabilidad-ux\/ahora-no-solo-vivo-los-proyectos-de-cerca-soy-parte-de-ellos\/\"},\"author\":{\"name\":\"DKS\",\"@id\":\"https:\/\/dks.digital\/mx\/#\/schema\/person\/6faf69c6ce843175d96680251a0d6723\"},\"headline\":\"Ahora no solo vivo los proyectos de cerca, soy parte de ellos\",\"datePublished\":\"2015-03-10T12:25:00+00:00\",\"dateModified\":\"2015-03-10T12:25:00+00:00\",\"mainEntityOfPage\":{\"@id\":\"https:\/\/dks.digital\/mx\/blog\/usabilidad-ux\/ahora-no-solo-vivo-los-proyectos-de-cerca-soy-parte-de-ellos\/\"},\"wordCount\":440,\"publisher\":{\"@id\":\"https:\/\/dks.digital\/mx\/#organization\"},\"articleSection\":[\"Usabilidad UX\"],\"inLanguage\":\"es-MX\"},{\"@type\":\"WebPage\",\"@id\":\"https:\/\/dks.digital\/mx\/blog\/usabilidad-ux\/ahora-no-solo-vivo-los-proyectos-de-cerca-soy-parte-de-ellos\/\",\"url\":\"https:\/\/dks.digital\/mx\/blog\/usabilidad-ux\/ahora-no-solo-vivo-los-proyectos-de-cerca-soy-parte-de-ellos\/\",\"name\":\"Ahora no solo vivo los proyectos de cerca, soy parte de ellos - DKS, tu centro de estudios especializado en internet\",\"isPartOf\":{\"@id\":\"https:\/\/dks.digital\/mx\/#website\"},\"datePublished\":\"2015-03-10T12:25:00+00:00\",\"dateModified\":\"2015-03-10T12:25:00+00:00\",\"inLanguage\":\"es-MX\",\"potentialAction\":[{\"@type\":\"ReadAction\",\"target\":[\"https:\/\/dks.digital\/mx\/blog\/usabilidad-ux\/ahora-no-solo-vivo-los-proyectos-de-cerca-soy-parte-de-ellos\/\"]}]},{\"@type\":\"WebSite\",\"@id\":\"https:\/\/dks.digital\/mx\/#website\",\"url\":\"https:\/\/dks.digital\/mx\/\",\"name\":\"DKS, tu centro de estudios especializado en internet\",\"description\":\"DKS, la escuela de los profesionales digitales desde hace m\u00e1s de 7 a\u00f1os\",\"publisher\":{\"@id\":\"https:\/\/dks.digital\/mx\/#organization\"},\"potentialAction\":[{\"@type\":\"SearchAction\",\"target\":{\"@type\":\"EntryPoint\",\"urlTemplate\":\"https:\/\/dks.digital\/mx\/?s={search_term_string}\"},\"query-input\":\"required name=search_term_string\"}],\"inLanguage\":\"es-MX\"},{\"@type\":\"Organization\",\"@id\":\"https:\/\/dks.digital\/mx\/#organization\",\"name\":\"DKS, tu centro de estudios especializado en internet\",\"url\":\"https:\/\/dks.digital\/mx\/\",\"logo\":{\"@type\":\"ImageObject\",\"inLanguage\":\"es-MX\",\"@id\":\"https:\/\/dks.digital\/mx\/#\/schema\/logo\/image\/\",\"url\":\"https:\/\/dks.digital\/wp-content\/uploads\/2025\/12\/cropped-cropped-favicon-ks.jpg\",\"contentUrl\":\"https:\/\/dks.digital\/wp-content\/uploads\/2025\/12\/cropped-cropped-favicon-ks.jpg\",\"width\":512,\"height\":512,\"caption\":\"DKS, tu centro de estudios especializado en internet\"},\"image\":{\"@id\":\"https:\/\/dks.digital\/mx\/#\/schema\/logo\/image\/\"}},{\"@type\":\"Person\",\"@id\":\"https:\/\/dks.digital\/mx\/#\/schema\/person\/6faf69c6ce843175d96680251a0d6723\",\"name\":\"DKS\",\"image\":{\"@type\":\"ImageObject\",\"inLanguage\":\"es-MX\",\"@id\":\"https:\/\/dks.digital\/mx\/#\/schema\/person\/image\/\",\"url\":\"https:\/\/secure.gravatar.com\/avatar\/3cf516e7d2b3c688288c120cdc1768a3?s=96&d=mm&r=g\",\"contentUrl\":\"https:\/\/secure.gravatar.com\/avatar\/3cf516e7d2b3c688288c120cdc1768a3?s=96&d=mm&r=g\",\"caption\":\"DKS\"}}]}<\/script>\n<!-- \/ Yoast SEO plugin. -->","yoast_head_json":{"title":"Ahora no solo vivo los proyectos de cerca, soy parte de ellos - DKS, tu centro de estudios especializado en internet","canonical":"https:\/\/dks.digital\/mx\/blog\/usabilidad-ux\/ahora-no-solo-vivo-los-proyectos-de-cerca-soy-parte-de-ellos\/","og_locale":"es_ES","og_type":"article","og_title":"Ahora no solo vivo los proyectos de cerca, soy parte de ellos - DKS, tu centro de estudios especializado en internet","og_description":"Mar\u00eda Velasco forma desde hace un a\u00f1o parte del equipo Secuoyas en el departamento de Comunicaci\u00f3n y Medios Sociales. Apasionada del UX y del dise\u00f1o de interacci\u00f3n, trabajando en Secuoyas decidi\u00f3 enfocarse en este nuevo campo. Considera el Master de Usabilidad y Experiencia de Usuario tanto un reto profesional...","og_url":"https:\/\/dks.digital\/mx\/blog\/usabilidad-ux\/ahora-no-solo-vivo-los-proyectos-de-cerca-soy-parte-de-ellos\/","og_site_name":"DKS, tu centro de estudios especializado en internet","article_published_time":"2015-03-10T12:25:00+00:00","author":"DKS","twitter_card":"summary_large_image","schema":{"@context":"https:\/\/schema.org","@graph":[{"@type":"Article","@id":"https:\/\/dks.digital\/mx\/blog\/usabilidad-ux\/ahora-no-solo-vivo-los-proyectos-de-cerca-soy-parte-de-ellos\/#article","isPartOf":{"@id":"https:\/\/dks.digital\/mx\/blog\/usabilidad-ux\/ahora-no-solo-vivo-los-proyectos-de-cerca-soy-parte-de-ellos\/"},"author":{"name":"DKS","@id":"https:\/\/dks.digital\/mx\/#\/schema\/person\/6faf69c6ce843175d96680251a0d6723"},"headline":"Ahora no solo vivo los proyectos de cerca, soy parte de ellos","datePublished":"2015-03-10T12:25:00+00:00","dateModified":"2015-03-10T12:25:00+00:00","mainEntityOfPage":{"@id":"https:\/\/dks.digital\/mx\/blog\/usabilidad-ux\/ahora-no-solo-vivo-los-proyectos-de-cerca-soy-parte-de-ellos\/"},"wordCount":440,"publisher":{"@id":"https:\/\/dks.digital\/mx\/#organization"},"articleSection":["Usabilidad UX"],"inLanguage":"es-MX"},{"@type":"WebPage","@id":"https:\/\/dks.digital\/mx\/blog\/usabilidad-ux\/ahora-no-solo-vivo-los-proyectos-de-cerca-soy-parte-de-ellos\/","url":"https:\/\/dks.digital\/mx\/blog\/usabilidad-ux\/ahora-no-solo-vivo-los-proyectos-de-cerca-soy-parte-de-ellos\/","name":"Ahora no solo vivo los proyectos de cerca, soy parte de ellos - DKS, tu centro de estudios especializado en internet","isPartOf":{"@id":"https:\/\/dks.digital\/mx\/#website"},"datePublished":"2015-03-10T12:25:00+00:00","dateModified":"2015-03-10T12:25:00+00:00","inLanguage":"es-MX","potentialAction":[{"@type":"ReadAction","target":["https:\/\/dks.digital\/mx\/blog\/usabilidad-ux\/ahora-no-solo-vivo-los-proyectos-de-cerca-soy-parte-de-ellos\/"]}]},{"@type":"WebSite","@id":"https:\/\/dks.digital\/mx\/#website","url":"https:\/\/dks.digital\/mx\/","name":"DKS, tu centro de estudios especializado en internet","description":"DKS, la escuela de los profesionales digitales desde hace m\u00e1s de 7 a\u00f1os","publisher":{"@id":"https:\/\/dks.digital\/mx\/#organization"},"potentialAction":[{"@type":"SearchAction","target":{"@type":"EntryPoint","urlTemplate":"https:\/\/dks.digital\/mx\/?s={search_term_string}"},"query-input":"required name=search_term_string"}],"inLanguage":"es-MX"},{"@type":"Organization","@id":"https:\/\/dks.digital\/mx\/#organization","name":"DKS, tu centro de estudios especializado en internet","url":"https:\/\/dks.digital\/mx\/","logo":{"@type":"ImageObject","inLanguage":"es-MX","@id":"https:\/\/dks.digital\/mx\/#\/schema\/logo\/image\/","url":"https:\/\/dks.digital\/wp-content\/uploads\/2025\/12\/cropped-cropped-favicon-ks.jpg","contentUrl":"https:\/\/dks.digital\/wp-content\/uploads\/2025\/12\/cropped-cropped-favicon-ks.jpg","width":512,"height":512,"caption":"DKS, tu centro de estudios especializado en internet"},"image":{"@id":"https:\/\/dks.digital\/mx\/#\/schema\/logo\/image\/"}},{"@type":"Person","@id":"https:\/\/dks.digital\/mx\/#\/schema\/person\/6faf69c6ce843175d96680251a0d6723","name":"DKS","image":{"@type":"ImageObject","inLanguage":"es-MX","@id":"https:\/\/dks.digital\/mx\/#\/schema\/person\/image\/","url":"https:\/\/secure.gravatar.com\/avatar\/3cf516e7d2b3c688288c120cdc1768a3?s=96&d=mm&r=g","contentUrl":"https:\/\/secure.gravatar.com\/avatar\/3cf516e7d2b3c688288c120cdc1768a3?s=96&d=mm&r=g","caption":"DKS"}}]}},"_links":{"self":[{"href":"https:\/\/dks.digital\/mx\/wp-json\/wp\/v2\/posts\/87625"}],"collection":[{"href":"https:\/\/dks.digital\/mx\/wp-json\/wp\/v2\/posts"}],"about":[{"href":"https:\/\/dks.digital\/mx\/wp-json\/wp\/v2\/types\/post"}],"author":[{"embeddable":true,"href":"https:\/\/dks.digital\/mx\/wp-json\/wp\/v2\/users\/19"}],"replies":[{"embeddable":true,"href":"https:\/\/dks.digital\/mx\/wp-json\/wp\/v2\/comments?post=87625"}],"version-history":[{"count":0,"href":"https:\/\/dks.digital\/mx\/wp-json\/wp\/v2\/posts\/87625\/revisions"}],"wp:attachment":[{"href":"https:\/\/dks.digital\/mx\/wp-json\/wp\/v2\/media?parent=87625"}],"wp:term":[{"taxonomy":"category","embeddable":true,"href":"https:\/\/dks.digital\/mx\/wp-json\/wp\/v2\/categories?post=87625"},{"taxonomy":"post_tag","embeddable":true,"href":"https:\/\/dks.digital\/mx\/wp-json\/wp\/v2\/tags?post=87625"}],"curies":[{"name":"wp","href":"https:\/\/api.w.org\/{rel}","templated":true}]}}