{"id":87487,"date":"2016-08-18T08:00:16","date_gmt":"2016-08-18T08:00:16","guid":{"rendered":"https:\/\/dks.digital\/blog\/sin-categoria\/la-vision-de-ana-sobre-el-futuro-de-la-analitica-web\/"},"modified":"2016-08-18T08:00:16","modified_gmt":"2016-08-18T08:00:16","slug":"la-vision-de-ana-sobre-el-futuro-de-la-analitica-web","status":"publish","type":"post","link":"https:\/\/dks.digital\/mx\/blog\/analitica-web\/la-vision-de-ana-sobre-el-futuro-de-la-analitica-web\/","title":{"rendered":"La visi\u00f3n de\u00a0Ana sobre el futuro de la Anal\u00edtica Web"},"content":{"rendered":"<p>Cuando empec\u00e9 en este mundillo, all\u00e1 por el a\u00f1o 2008,\u00a0 trabajaba en Anal\u00edtica Web y mi \u00a0campo de trabajo se ce\u00f1\u00eda a medir y analizar entornos Web.<\/p>\n<p>Hoy digo que soy Analista Digital porque el entorno digital es m\u00e1s que una simple web, tenemos apps, wearables, teles conectadas, realidad virtual\u2026<\/p>\n<p><strong>Lo importante de este cambio de concepto, de Web a Digital, no es el n\u00famero de entornos distintos que componen nuestro \u00e1mbito laboral, tenemos que entender que se trata de \u00a0un cambio tecnol\u00f3gico que lleva en la mochila una evoluci\u00f3n en nuestra profesi\u00f3n<\/strong> y que afecta a todos los que nos ganamos la vida en el entorno digital y\/o con datos.<\/p>\n<p><strong>Estamos inmersos en una revoluci\u00f3n<\/strong> a causa de las nuevas formas de relacionarnos con la tecnolog\u00eda y de la gran cantidad de datos e informaci\u00f3n que esto genera. <strong>Vivimos en un entorno cambiante<\/strong> y no tiene pinta de que en futuro cercano se \u00a0quede est\u00e1tico.<\/p>\n<p><center><img loading=\"lazy\" decoding=\"async\" class=\"aligncenter wp-image-7336\" src=\"https:\/\/dks.digital\/wp-content\/uploads\/2016\/07\/mini_ana_soplon_analitica_web.jpg\" alt=\"la anal\u00edtica web\" width=\"641\" height=\"303\" \/><\/center>Si pensamos en el d\u00eda a d\u00eda de un Analista Digital, no conozco un listado oficial que incluya todas las tareas que hacemos. Adem\u00e1s, en estos a\u00f1os me he relacionado con bastantes colegas de profesi\u00f3n y no he encontrado dos analistas que tengan exactamente las mismas funciones. Dependiendo de muchos factores: estructura de la empresa, tipo de negocio, herramientas disponibles\u2026 el analista se adapta a su entorno y asume un rol concreto en la organizaci\u00f3n.<\/p>\n<p>Sin tener claro que hace un Analista Digital hoy en d\u00eda, es dif\u00edcil elucubrar sobre c\u00f3mo ser\u00e1 el futuro de la profesi\u00f3n. Podemos especular con todo lo que est\u00e1 por venir, dispositivos distintos, formas de relacionarnos con la tecnolog\u00eda que no podemos ni imaginar,\u00a0 por lo que <strong>el perfil del analista (digital o no) siempre ser\u00e1 de una persona con capacidad de adaptaci\u00f3n, con curiosidad y ganas de aprender.<\/strong><\/p>\n        <section class=\"shortcode\">\r\n                      <picture class=\"shortcode__picture -backdrop\">\r\n                <!-- tatamiento vertical -->\r\n                <source media=\"(max-width: 768px)\" srcset=\"\/wp-content\/uploads\/2023\/03\/AW.png\">\r\n                <!-- tatamiento version_horizontal -->\r\n                <img decoding=\"async\" class=\"shortcode__image\" alt=\"Alt de la imagen\" title=\"Title de la imagen\" src=\"\/wp-content\/uploads\/2023\/03\/AW.png\">\r\n            <\/picture>\r\n                    <div class=\"shortcode__container\" >\r\n              <div class=\"e-row\">\r\n                  <div class=\"e-col-xs-12 e-col-sm-12 e-col-md-7 e-col-lg-8\">\r\n                      <h2 class=\"shortcode__title\">Convi\u00e9rtete en Experto en Anal\u00edtica Web<\/h2>\r\n                      <p class=\"shortcode__subtitle\">\u00a1M\u00e1ster Anal\u00edtica Digital en DKS! Estudia online o presencial en Madrid o Barcelona. M\u00e1s de 60 ediciones. Dirigido por Gemma Mu\u00f1oz. DKS, escuela l\u00edder en anal\u00edtica digital.<\/p>\r\n                  <\/div>\r\n                  <div class=\"e-col-xs-12 e-col-sm-12 e-col-md-5 e-col-lg-4 shortcode__button\">\r\n                      <a class=\"cta--dark -has-icon shortcode__cta\" href=\"\/master\/master-analitica-web\/\" title=\"\u00a1Ver oferta!\" data-gtm-container=\"button_cta\" data-gtm-category=\"Convi\u00e9rtete en Experto en Anal\u00edtica Web\" data-gtm-action=\"navigation\">\u00a1Ver oferta!                          <img decoding=\"async\" class=\"cta__icon shortcode__icon\" src=\"https:\/\/dks.digital\/wp-content\/themes\/edix\/images\/modules\/edx_arrow-right-white.svg\" alt=\"\">\r\n                      <\/a>\r\n                  <\/div>\r\n              <\/div>\r\n          <\/div>\r\n        <\/section>\r\n    \n<p>&nbsp;<\/p>\n<p>En mi opini\u00f3n,<strong> las empresas ir\u00e1n entendiendo la necesidad de sacar provecho a los datos que tienen y cada vez m\u00e1s requerir\u00e1n de analistas.<\/strong> El tipo de analista, depender\u00e1 de muchos factores, pero principalmente del tama\u00f1o, madurez y sofisticaci\u00f3n digital de la empresa.<\/p>\n<p>En mi cabeza<strong> veo claros 5 perfiles<\/strong> <strong>con algunas caracter\u00edsticas comunes: soltura con los n\u00fameros, empat\u00eda con el negocio y afinidad con la tecnolog\u00eda.<\/strong><\/p>\n<ul>\n<li><span style=\"text-decoration: underline;\"><strong>Analista Digital:<\/strong> <\/span>Empresas peque\u00f1as, donde los recursos son m\u00e1s limitados continuar\u00e1 con la figura de Analista Digital \u201ccl\u00e1sico\u201d. Hombre orquesta, que controla todos los \u00e1mbitos pero que probablemente no tiene tiempo de especializarse.<\/li>\n<\/ul>\n<ul>\n<li><span style=\"text-decoration: underline;\"><strong>Analista T\u00e9cnico:<\/strong><\/span> Empresas mediadas con entornos digitales complejos y en continuo cambio. Precisar\u00e1n de optimizaci\u00f3n continua en los sistemas y en la medici\u00f3n de los mismos. Ser\u00e1 un profesional con formaci\u00f3n t\u00e9cnica y adaptaci\u00f3n al cambio.<\/li>\n<\/ul>\n<ul>\n<li><span style=\"text-decoration: underline;\"><strong>Analista captaci\u00f3n:<\/strong><\/span> Empresas con grandes presupuesto de marketing de captaci\u00f3n que necesitan optimizar cada \u20ac de inversi\u00f3n con estrategias basadas en datos. Este perfil controlar\u00e1 la compra program\u00e1tica, estrategias de remarketing y basar\u00e1 su trabajo en sacarle partido a tecnolog\u00edas como \u00a0<a href=\"https:\/\/en.wikipedia.org\/wiki\/Demand-side_platform\">DSP<\/a>, <a href=\"https:\/\/en.wikipedia.org\/wiki\/Data_management_platform\">DMP<\/a>.<\/li>\n<\/ul>\n<ul>\n<li><span style=\"text-decoration: underline;\"><strong>Analista conversi\u00f3n:<\/strong><\/span> Empresas con procesos transaccionales online y con el core business en su web que no podr\u00e1n permitirse desperdiciar ni una visita del tr\u00e1fico que reciben. El analista ser\u00e1 especialista en comportamiento de usuario, dise\u00f1o y UX.<\/li>\n<li><span style=\"text-decoration: underline;\"><strong>Analista Big Data:<\/strong> <\/span>Empresas que disponen de cantidades ingentes de datos y que requerir\u00e1n del big data para explotarlos. La persona que ocupe este puesto necesitar\u00e1 conocimientos t\u00e9cnicos y de estad\u00edstica.<\/li>\n<\/ul>\n<p>Seguro que me he dejado perfiles y tareas en el tintero, pero <b>mi visi\u00f3n es que tenderemos a especializarnos y evolucionar hacia la anal\u00edtica web<\/b>\u00a0si la situaci\u00f3n de la empresa y la carga de trabajo nos lo permiten.<\/p>\n<p>Adem\u00e1s, creo que <strong>vamos a descubrir formas nuevas de recopilar informaci\u00f3n, encontraremos nuevas maneras de procesar datos y caminos nuevos para llegar a los preciados insights<\/strong>. Y lo que m\u00e1s claro tengo, los que dedicamos a esto no nos vamos a aburrir.<\/p>\n<p>&nbsp;<\/p>\n<p style=\"text-align: right;\"><em><a href=\"https:\/\/dks.digital\/profesor\/ana-soplon\/\">Ana Sopl\u00f3n<\/a><\/em><\/p>\n<p style=\"text-align: right;\"><em>Profesora de Anal\u00edtica en los Master de<\/em><\/p>\n<p style=\"text-align: right;\"><em><a href=\"https:\/\/dks.digital\/mx\/maestria\/maestria-analitica-web\/\">M\u00e1ster Anal\u00edtica Web<\/a> y\u00a0<a href=\"https:\/\/dks.digital\/mx\/maestria\/maestria-ux-ui\/\">M\u00e1ster UX<\/a><\/em><\/p>\n","protected":false},"excerpt":{"rendered":"<p>Cuando empec\u00e9 en este mundillo, all\u00e1 por el a\u00f1o 2008,\u00a0 trabajaba en Anal\u00edtica Web y mi \u00a0campo de trabajo se ce\u00f1\u00eda a medir y analizar entornos Web. Hoy digo que soy Analista Digital porque el entorno digital es m\u00e1s que una simple web, tenemos apps, wearables, teles conectadas, realidad virtual\u2026 Lo importante de este cambio [&hellip;]<\/p>\n","protected":false},"author":19,"featured_media":82966,"comment_status":"closed","ping_status":"closed","sticky":false,"template":"","format":"standard","meta":{"_acf_changed":false,"footnotes":""},"categories":[421],"tags":[458,508,544,487,432,529],"acf":[],"yoast_head":"<!-- This site is optimized with the Yoast SEO plugin v22.5 - https:\/\/yoast.com\/wordpress\/plugins\/seo\/ -->\n<title>La visi\u00f3n de\u00a0Ana sobre el futuro de la Anal\u00edtica Web - DKS, tu centro de estudios especializado en internet<\/title>\n<link rel=\"canonical\" href=\"https:\/\/dks.digital\/mx\/blog\/analitica-web\/la-vision-de-ana-sobre-el-futuro-de-la-analitica-web\/\" \/>\n<meta property=\"og:locale\" content=\"es_ES\" \/>\n<meta property=\"og:type\" content=\"article\" \/>\n<meta property=\"og:title\" content=\"La visi\u00f3n de\u00a0Ana sobre el futuro de la Anal\u00edtica Web - DKS, tu centro de estudios especializado en internet\" \/>\n<meta property=\"og:description\" content=\"Cuando empec\u00e9 en este mundillo, all\u00e1 por el a\u00f1o 2008,\u00a0 trabajaba en Anal\u00edtica Web y mi \u00a0campo de trabajo se ce\u00f1\u00eda a medir y analizar entornos Web. Hoy digo que soy Analista Digital porque el entorno digital es m\u00e1s que una simple web, tenemos apps, wearables, teles conectadas, realidad virtual\u2026 Lo importante de este cambio [&hellip;]\" \/>\n<meta property=\"og:url\" content=\"https:\/\/dks.digital\/mx\/blog\/analitica-web\/la-vision-de-ana-sobre-el-futuro-de-la-analitica-web\/\" \/>\n<meta property=\"og:site_name\" content=\"DKS, tu centro de estudios especializado en internet\" \/>\n<meta property=\"article:published_time\" content=\"2016-08-18T08:00:16+00:00\" \/>\n<meta property=\"og:image\" content=\"https:\/\/dks.digital\/wp-content\/uploads\/2016\/07\/mini_ana_soplon_analitica_web.jpg\" \/>\n<meta name=\"author\" content=\"DKS\" \/>\n<meta name=\"twitter:card\" content=\"summary_large_image\" \/>\n<script type=\"application\/ld+json\" class=\"yoast-schema-graph\">{\"@context\":\"https:\/\/schema.org\",\"@graph\":[{\"@type\":\"Article\",\"@id\":\"https:\/\/dks.digital\/mx\/blog\/analitica-web\/la-vision-de-ana-sobre-el-futuro-de-la-analitica-web\/#article\",\"isPartOf\":{\"@id\":\"https:\/\/dks.digital\/mx\/blog\/analitica-web\/la-vision-de-ana-sobre-el-futuro-de-la-analitica-web\/\"},\"author\":{\"name\":\"DKS\",\"@id\":\"https:\/\/dks.digital\/mx\/#\/schema\/person\/6faf69c6ce843175d96680251a0d6723\"},\"headline\":\"La visi\u00f3n de\u00a0Ana sobre el futuro de la Anal\u00edtica Web\",\"datePublished\":\"2016-08-18T08:00:16+00:00\",\"dateModified\":\"2016-08-18T08:00:16+00:00\",\"mainEntityOfPage\":{\"@id\":\"https:\/\/dks.digital\/mx\/blog\/analitica-web\/la-vision-de-ana-sobre-el-futuro-de-la-analitica-web\/\"},\"wordCount\":786,\"publisher\":{\"@id\":\"https:\/\/dks.digital\/mx\/#organization\"},\"image\":{\"@id\":\"https:\/\/dks.digital\/mx\/blog\/analitica-web\/la-vision-de-ana-sobre-el-futuro-de-la-analitica-web\/#primaryimage\"},\"thumbnailUrl\":\"https:\/\/dks.digital\/wp-content\/uploads\/2023\/03\/blog-aw-scaled.jpg\",\"keywords\":[\"DKS\",\"master de anal\u00edtica web\",\"master de tecnicas de marketing online\",\"master de ux\",\"profesores DKS\",\"usabilidad\"],\"articleSection\":[\"Anal\u00edtica Digital\"],\"inLanguage\":\"es-MX\"},{\"@type\":\"WebPage\",\"@id\":\"https:\/\/dks.digital\/mx\/blog\/analitica-web\/la-vision-de-ana-sobre-el-futuro-de-la-analitica-web\/\",\"url\":\"https:\/\/dks.digital\/mx\/blog\/analitica-web\/la-vision-de-ana-sobre-el-futuro-de-la-analitica-web\/\",\"name\":\"La visi\u00f3n de\u00a0Ana sobre el futuro de la Anal\u00edtica Web - DKS, tu centro de estudios especializado en internet\",\"isPartOf\":{\"@id\":\"https:\/\/dks.digital\/mx\/#website\"},\"primaryImageOfPage\":{\"@id\":\"https:\/\/dks.digital\/mx\/blog\/analitica-web\/la-vision-de-ana-sobre-el-futuro-de-la-analitica-web\/#primaryimage\"},\"image\":{\"@id\":\"https:\/\/dks.digital\/mx\/blog\/analitica-web\/la-vision-de-ana-sobre-el-futuro-de-la-analitica-web\/#primaryimage\"},\"thumbnailUrl\":\"https:\/\/dks.digital\/wp-content\/uploads\/2023\/03\/blog-aw-scaled.jpg\",\"datePublished\":\"2016-08-18T08:00:16+00:00\",\"dateModified\":\"2016-08-18T08:00:16+00:00\",\"inLanguage\":\"es-MX\",\"potentialAction\":[{\"@type\":\"ReadAction\",\"target\":[\"https:\/\/dks.digital\/mx\/blog\/analitica-web\/la-vision-de-ana-sobre-el-futuro-de-la-analitica-web\/\"]}]},{\"@type\":\"ImageObject\",\"inLanguage\":\"es-MX\",\"@id\":\"https:\/\/dks.digital\/mx\/blog\/analitica-web\/la-vision-de-ana-sobre-el-futuro-de-la-analitica-web\/#primaryimage\",\"url\":\"https:\/\/dks.digital\/wp-content\/uploads\/2023\/03\/blog-aw-scaled.jpg\",\"contentUrl\":\"https:\/\/dks.digital\/wp-content\/uploads\/2023\/03\/blog-aw-scaled.jpg\",\"width\":2560,\"height\":1707,\"caption\":\"Noticias anal\u00edtica web\"},{\"@type\":\"WebSite\",\"@id\":\"https:\/\/dks.digital\/mx\/#website\",\"url\":\"https:\/\/dks.digital\/mx\/\",\"name\":\"DKS, tu centro de estudios especializado en internet\",\"description\":\"DKS, la escuela de los profesionales digitales desde hace m\u00e1s de 7 a\u00f1os\",\"publisher\":{\"@id\":\"https:\/\/dks.digital\/mx\/#organization\"},\"potentialAction\":[{\"@type\":\"SearchAction\",\"target\":{\"@type\":\"EntryPoint\",\"urlTemplate\":\"https:\/\/dks.digital\/mx\/?s={search_term_string}\"},\"query-input\":\"required name=search_term_string\"}],\"inLanguage\":\"es-MX\"},{\"@type\":\"Organization\",\"@id\":\"https:\/\/dks.digital\/mx\/#organization\",\"name\":\"DKS, tu centro de estudios especializado en internet\",\"url\":\"https:\/\/dks.digital\/mx\/\",\"logo\":{\"@type\":\"ImageObject\",\"inLanguage\":\"es-MX\",\"@id\":\"https:\/\/dks.digital\/mx\/#\/schema\/logo\/image\/\",\"url\":\"https:\/\/dks.digital\/wp-content\/uploads\/2025\/12\/cropped-cropped-favicon-ks.jpg\",\"contentUrl\":\"https:\/\/dks.digital\/wp-content\/uploads\/2025\/12\/cropped-cropped-favicon-ks.jpg\",\"width\":512,\"height\":512,\"caption\":\"DKS, tu centro de estudios especializado en internet\"},\"image\":{\"@id\":\"https:\/\/dks.digital\/mx\/#\/schema\/logo\/image\/\"}},{\"@type\":\"Person\",\"@id\":\"https:\/\/dks.digital\/mx\/#\/schema\/person\/6faf69c6ce843175d96680251a0d6723\",\"name\":\"DKS\",\"image\":{\"@type\":\"ImageObject\",\"inLanguage\":\"es-MX\",\"@id\":\"https:\/\/dks.digital\/mx\/#\/schema\/person\/image\/\",\"url\":\"https:\/\/secure.gravatar.com\/avatar\/3cf516e7d2b3c688288c120cdc1768a3?s=96&d=mm&r=g\",\"contentUrl\":\"https:\/\/secure.gravatar.com\/avatar\/3cf516e7d2b3c688288c120cdc1768a3?s=96&d=mm&r=g\",\"caption\":\"DKS\"}}]}<\/script>\n<!-- \/ Yoast SEO plugin. -->","yoast_head_json":{"title":"La visi\u00f3n de\u00a0Ana sobre el futuro de la Anal\u00edtica Web - DKS, tu centro de estudios especializado en internet","canonical":"https:\/\/dks.digital\/mx\/blog\/analitica-web\/la-vision-de-ana-sobre-el-futuro-de-la-analitica-web\/","og_locale":"es_ES","og_type":"article","og_title":"La visi\u00f3n de\u00a0Ana sobre el futuro de la Anal\u00edtica Web - DKS, tu centro de estudios especializado en internet","og_description":"Cuando empec\u00e9 en este mundillo, all\u00e1 por el a\u00f1o 2008,\u00a0 trabajaba en Anal\u00edtica Web y mi \u00a0campo de trabajo se ce\u00f1\u00eda a medir y analizar entornos Web. Hoy digo que soy Analista Digital porque el entorno digital es m\u00e1s que una simple web, tenemos apps, wearables, teles conectadas, realidad virtual\u2026 Lo importante de este cambio [&hellip;]","og_url":"https:\/\/dks.digital\/mx\/blog\/analitica-web\/la-vision-de-ana-sobre-el-futuro-de-la-analitica-web\/","og_site_name":"DKS, tu centro de estudios especializado en internet","article_published_time":"2016-08-18T08:00:16+00:00","og_image":[{"url":"https:\/\/dks.digital\/wp-content\/uploads\/2016\/07\/mini_ana_soplon_analitica_web.jpg"}],"author":"DKS","twitter_card":"summary_large_image","schema":{"@context":"https:\/\/schema.org","@graph":[{"@type":"Article","@id":"https:\/\/dks.digital\/mx\/blog\/analitica-web\/la-vision-de-ana-sobre-el-futuro-de-la-analitica-web\/#article","isPartOf":{"@id":"https:\/\/dks.digital\/mx\/blog\/analitica-web\/la-vision-de-ana-sobre-el-futuro-de-la-analitica-web\/"},"author":{"name":"DKS","@id":"https:\/\/dks.digital\/mx\/#\/schema\/person\/6faf69c6ce843175d96680251a0d6723"},"headline":"La visi\u00f3n de\u00a0Ana sobre el futuro de la Anal\u00edtica Web","datePublished":"2016-08-18T08:00:16+00:00","dateModified":"2016-08-18T08:00:16+00:00","mainEntityOfPage":{"@id":"https:\/\/dks.digital\/mx\/blog\/analitica-web\/la-vision-de-ana-sobre-el-futuro-de-la-analitica-web\/"},"wordCount":786,"publisher":{"@id":"https:\/\/dks.digital\/mx\/#organization"},"image":{"@id":"https:\/\/dks.digital\/mx\/blog\/analitica-web\/la-vision-de-ana-sobre-el-futuro-de-la-analitica-web\/#primaryimage"},"thumbnailUrl":"https:\/\/dks.digital\/wp-content\/uploads\/2023\/03\/blog-aw-scaled.jpg","keywords":["DKS","master de anal\u00edtica web","master de tecnicas de marketing online","master de ux","profesores DKS","usabilidad"],"articleSection":["Anal\u00edtica Digital"],"inLanguage":"es-MX"},{"@type":"WebPage","@id":"https:\/\/dks.digital\/mx\/blog\/analitica-web\/la-vision-de-ana-sobre-el-futuro-de-la-analitica-web\/","url":"https:\/\/dks.digital\/mx\/blog\/analitica-web\/la-vision-de-ana-sobre-el-futuro-de-la-analitica-web\/","name":"La visi\u00f3n de\u00a0Ana sobre el futuro de la Anal\u00edtica Web - DKS, tu centro de estudios especializado en internet","isPartOf":{"@id":"https:\/\/dks.digital\/mx\/#website"},"primaryImageOfPage":{"@id":"https:\/\/dks.digital\/mx\/blog\/analitica-web\/la-vision-de-ana-sobre-el-futuro-de-la-analitica-web\/#primaryimage"},"image":{"@id":"https:\/\/dks.digital\/mx\/blog\/analitica-web\/la-vision-de-ana-sobre-el-futuro-de-la-analitica-web\/#primaryimage"},"thumbnailUrl":"https:\/\/dks.digital\/wp-content\/uploads\/2023\/03\/blog-aw-scaled.jpg","datePublished":"2016-08-18T08:00:16+00:00","dateModified":"2016-08-18T08:00:16+00:00","inLanguage":"es-MX","potentialAction":[{"@type":"ReadAction","target":["https:\/\/dks.digital\/mx\/blog\/analitica-web\/la-vision-de-ana-sobre-el-futuro-de-la-analitica-web\/"]}]},{"@type":"ImageObject","inLanguage":"es-MX","@id":"https:\/\/dks.digital\/mx\/blog\/analitica-web\/la-vision-de-ana-sobre-el-futuro-de-la-analitica-web\/#primaryimage","url":"https:\/\/dks.digital\/wp-content\/uploads\/2023\/03\/blog-aw-scaled.jpg","contentUrl":"https:\/\/dks.digital\/wp-content\/uploads\/2023\/03\/blog-aw-scaled.jpg","width":2560,"height":1707,"caption":"Noticias anal\u00edtica web"},{"@type":"WebSite","@id":"https:\/\/dks.digital\/mx\/#website","url":"https:\/\/dks.digital\/mx\/","name":"DKS, tu centro de estudios especializado en internet","description":"DKS, la escuela de los profesionales digitales desde hace m\u00e1s de 7 a\u00f1os","publisher":{"@id":"https:\/\/dks.digital\/mx\/#organization"},"potentialAction":[{"@type":"SearchAction","target":{"@type":"EntryPoint","urlTemplate":"https:\/\/dks.digital\/mx\/?s={search_term_string}"},"query-input":"required name=search_term_string"}],"inLanguage":"es-MX"},{"@type":"Organization","@id":"https:\/\/dks.digital\/mx\/#organization","name":"DKS, tu centro de estudios especializado en internet","url":"https:\/\/dks.digital\/mx\/","logo":{"@type":"ImageObject","inLanguage":"es-MX","@id":"https:\/\/dks.digital\/mx\/#\/schema\/logo\/image\/","url":"https:\/\/dks.digital\/wp-content\/uploads\/2025\/12\/cropped-cropped-favicon-ks.jpg","contentUrl":"https:\/\/dks.digital\/wp-content\/uploads\/2025\/12\/cropped-cropped-favicon-ks.jpg","width":512,"height":512,"caption":"DKS, tu centro de estudios especializado en internet"},"image":{"@id":"https:\/\/dks.digital\/mx\/#\/schema\/logo\/image\/"}},{"@type":"Person","@id":"https:\/\/dks.digital\/mx\/#\/schema\/person\/6faf69c6ce843175d96680251a0d6723","name":"DKS","image":{"@type":"ImageObject","inLanguage":"es-MX","@id":"https:\/\/dks.digital\/mx\/#\/schema\/person\/image\/","url":"https:\/\/secure.gravatar.com\/avatar\/3cf516e7d2b3c688288c120cdc1768a3?s=96&d=mm&r=g","contentUrl":"https:\/\/secure.gravatar.com\/avatar\/3cf516e7d2b3c688288c120cdc1768a3?s=96&d=mm&r=g","caption":"DKS"}}]}},"_links":{"self":[{"href":"https:\/\/dks.digital\/mx\/wp-json\/wp\/v2\/posts\/87487"}],"collection":[{"href":"https:\/\/dks.digital\/mx\/wp-json\/wp\/v2\/posts"}],"about":[{"href":"https:\/\/dks.digital\/mx\/wp-json\/wp\/v2\/types\/post"}],"author":[{"embeddable":true,"href":"https:\/\/dks.digital\/mx\/wp-json\/wp\/v2\/users\/19"}],"replies":[{"embeddable":true,"href":"https:\/\/dks.digital\/mx\/wp-json\/wp\/v2\/comments?post=87487"}],"version-history":[{"count":0,"href":"https:\/\/dks.digital\/mx\/wp-json\/wp\/v2\/posts\/87487\/revisions"}],"wp:featuredmedia":[{"embeddable":true,"href":"https:\/\/dks.digital\/mx\/wp-json\/wp\/v2\/media\/82966"}],"wp:attachment":[{"href":"https:\/\/dks.digital\/mx\/wp-json\/wp\/v2\/media?parent=87487"}],"wp:term":[{"taxonomy":"category","embeddable":true,"href":"https:\/\/dks.digital\/mx\/wp-json\/wp\/v2\/categories?post=87487"},{"taxonomy":"post_tag","embeddable":true,"href":"https:\/\/dks.digital\/mx\/wp-json\/wp\/v2\/tags?post=87487"}],"curies":[{"name":"wp","href":"https:\/\/api.w.org\/{rel}","templated":true}]}}