{"id":87327,"date":"2019-07-04T14:29:45","date_gmt":"2019-07-04T12:29:45","guid":{"rendered":"https:\/\/dks.digital\/blog\/sin-categoria\/futuro-ux-barcelona\/"},"modified":"2019-07-04T14:29:45","modified_gmt":"2019-07-04T12:29:45","slug":"futuro-ux-barcelona","status":"publish","type":"post","link":"https:\/\/dks.digital\/mx\/blog\/usabilidad-ux\/futuro-ux-barcelona\/","title":{"rendered":"Ra\u00fcl Cruz: &#8220;El futuro del UX en Barcelona es m\u00e1s que prometedor&#8221;"},"content":{"rendered":"<h5>En esta nueva entrega de entrevistas de DKS toca hablar del UX. Si las pasadas semanas public\u00e1bamos la <a href=\"https:\/\/dks.digital\/blog\/analitica-web\/entrevista-eva-beltran-analitica-web-byhours\/\">entrevista a Eva Beltr\u00e1n, analista digital en ByHours<\/a> o charl\u00e1bamos con el <a href=\"https:\/\/dks.digital\/blog\/analitica-web\/como-es-ser-analista-digital-en-ikea\/\">equipo de DKS en IKEA<\/a>, hoy hablamos con Ra\u00fcl Cruz,\u00a0Head of Experience &amp; Production en Buzz Marketing Networks que nos cuenta su experiencia en el M\u00e1ster de UX: Usabilidad y Experiencia de Usuario en Barcelona.<\/h5>\n<p>&nbsp;<\/p>\n<ul>\n<li><strong>\u00bfQui\u00e9n es Ra\u00fcl Cruz?<\/strong><\/li>\n<\/ul>\n<p>Un qu\u00edmico de formaci\u00f3n, apasionado postpublicitario digital en continuo aprendizaje y formador de j\u00f3venes talentos en el \u00e1mbito de producci\u00f3n y estrategia digital, que adora llevar las ideas a la realidad mediante mis neuras de rigor y valor.<\/p>\n<p>En mi trayectoria, hacer que las cosas sucedan, me permiti\u00f3 adentrarme en agencias de publicidad como Creativo Interactivo o Project Manager en agencias digitales entre ellas mi querida Doubleyou, o Head of Digital Production en consultoras digitales como BeAgency de BeRepublic o en sector branding como Morillas.<\/p>\n<p>En este camino siempre he tenido la gran suerte de trabajar en equipo, de liderar personas con mucho m\u00e1s talento que yo que me han permitido ganar varios festivales como El Sol, LAUS, C\u00edrculo Oro M\u00e9xico, \u00c1spid,&#8230; con clientes como Nike, Unilever, Cerveza Indio, Cornetto, entre otros.<\/p>\n<p>Actualmente combino el aprender habilidades directivas ejerciendo direcciones de unidades de negocio digital o equipos digitales con mi otra gran pasi\u00f3n: ser formador en escuelas creativas.<\/p>\n<p>&nbsp;<\/p>\n<ul>\n<li><strong>\u00bfQu\u00e9 destacar\u00edas de tu trayectoria como creativo?<\/strong><\/li>\n<\/ul>\n<p>Sin duda, los grandes profesionales (algunos convertidos en amigos que admiro) que he tenido la gran suerte de encontrarme en esta senda de proyectos digitales, a los que siempre estoy agradecido por lo compartido y aprendido.<\/p>\n<p>Si tuviera que sumar algo m\u00e1s dir\u00eda la posibilidad de viajar a M\u00e9xico (varias veces, para bien de mi apetito en tacos) para desarrollar una herramienta de BrandGuardian para Volkswagen M\u00e9xico.<\/p>\n<p>Compartir conocimiento con cultura y conseguir llevarlo a la realidad en reto y plazos es algo realmente bonito.<\/p>\n<p>&nbsp;<\/p>\n<ul>\n<li><strong>Actualmente trabajas como COO en Interactiux UX, \u00bfc\u00f3mo es tu trabajo diario?<\/strong><\/li>\n<\/ul>\n<p>Aprovechando mi trayectoria en proyectos digitales, negocio digital y coherencia en ecosistemas digitales de marca , en Interactius como hice con Morillas Branding, intento impactar, en la medida de lo posible, en el negocio de la compa\u00f1\u00eda poniendo orden, haciendo eficiente la organizaci\u00f3n, implantando rigor, asegurando el cumplimiento con \u00e9xito de los compromisos con cliente, atrayendo talento\u2026 sin perder mis ganas de compartir con el equipo lo aprendido en otros proyectos y\/o en retrospectivas de la propia compa\u00f1\u00eda.<\/p>\n<p>&nbsp;<\/p>\n<ul>\n<li><strong>\u00bfC\u00f3mo conociste DKS?<\/strong><\/li>\n<\/ul>\n<p>A trav\u00e9s de Iv\u00e1n (Ivo) Serrano, el coordinador del m\u00e1ster cuya amistad anterior me permiti\u00f3 contactar con \u00e9l para profundizar de viva voz como era el m\u00e1ster y si era adecuado a las expectativas que ten\u00eda en ese momento. Aprovecho este hilo de comunicaci\u00f3n para darle las gracias p\u00fablicamente por ello.<\/p>\n<p>&nbsp;<\/p>\n<ul>\n<li><strong>\u00bfPor qu\u00e9 decidiste estudiar en DKS?<\/strong><\/li>\n<\/ul>\n<p>Sinceramente por mi confianza con Iv\u00e1n, \u00e9l me lo recomend\u00f3, y por la confianza que le tengo a nivel profesional ten\u00eda claro que ser\u00eda una buena decisi\u00f3n. Es cierto que tambi\u00e9n mire el temario y el profesorado en la web, pero eso solo aporto algo m\u00e1s de seguridad a una decisi\u00f3n ya tomada.<\/p>\n<p>&nbsp;<\/p>\n<ul>\n<li><strong>\u00bfPor qu\u00e9 decidiste especializarte en UX?<\/strong><\/li>\n<\/ul>\n<p>Soy fan de la interacci\u00f3n persona &#8211; interfaz desde muy peque\u00f1ito; adoraba las interfaces de los videojuegos ya desde la NES 8 bits y siempre he estado vinculado a ese amor del \u201cno me hagas pensar\u201d desde mis inicios de desarrollo web en 2003.<\/p>\n<p>Ya en 2009 como director acad\u00e9mico de Crea Formaci\u00f3n impart\u00eda clases de ese t\u00e9rmino llamado Usabilidad mirando siempre al gur\u00fa Jakob Nielsen como gu\u00eda , por desgracia el liderazgo de proyectos y equipos me fue alejando de la especializaci\u00f3n, por lo que curs\u00e9 el m\u00e1ster en DKS para ver c\u00f3mo hab\u00eda cambiado la disciplina y los t\u00e9rminos nuevos que en ella flotaban.<\/p>\n<p>Mi objetivo era reciclarme pero tambi\u00e9n aprender y sobre todo, conocer m\u00e1s profesionales en activo en UX con los que poder debatir.<\/p>\n<p>&nbsp;<\/p>\n<ul>\n<li><strong>\u00bfQu\u00e9 tal fue tu experiencia en el M\u00e1ster de UX de DKS?<\/strong><\/li>\n<\/ul>\n<p>Si hablo de compa\u00f1eros la experiencia es excelente. Es bonito acabar algo intenso teniendo un respeto enorme a mis compa\u00f1eros de trabajo final de m\u00e1ster (Ana, Cata, Victoria y C\u00e9sar ) sobre la formaci\u00f3n (MyTimeFlow). Pero m\u00e1s sorprendente es, como otro grupo como Mundiauto te adopta para compartir con ellos algo m\u00e1s que Wireframes. El grupo de alumnos de la promoci\u00f3n del \u201818 es la gran experiencia sin duda.<\/p>\n<p>A nivel de profesorado \/ Tutor\u00eda muy enriquecedor, siempre se aprenden cosas. Creo que la experiencia de poder debatir con ellos (formadores) dentro y fuera del aula es algo que nunca valoras hasta que ya no lo tienes.<\/p>\n<p>Si es cierto que un m\u00e1ster nunca llueve a gusto de todos (m\u00e1s practico, m\u00e1s te\u00f3rico, relaci\u00f3n calidad-precio, &#8230;) creo que aprender con compis que han acabado siendo amigos, incluso que he podido incorporar a mi equipo (Sarai \/ Carlos) en Interactius es realmente la buena experiencia.<\/p>\n<p>&nbsp;<\/p>\n<ul>\n<li><strong>\u00bfQu\u00e9 es lo mejor que te llevas del M\u00e1ster de UX?<\/strong><\/li>\n<\/ul>\n<p>El amor y respeto por la disciplina desde el coordinador hasta los profesores pasando por tutores, compa\u00f1eros de clase y administraci\u00f3n.<\/p>\n<p>&nbsp;<\/p>\n<ul>\n<li><strong>\u00bfHa sido beneficioso para tu trayectoria laboral estudiar este M\u00e1ster?<\/strong><\/li>\n<\/ul>\n<p>La respuesta es un\u00a0S\u00cd en may\u00fasculas por dos razones.<\/p>\n<p>La primera porque me aport\u00f3 visi\u00f3n sobre el mundo UX del 2018 dentro de compa\u00f1\u00edas como accenture, la caixa, y empresas varias de donde proven\u00edan los formadores del claustro del master, lo que me ayud\u00f3 a sacar conclusiones del propio sector.<\/p>\n<p>La segunda es que me ha permitido acceder, gracias a los conocimientos actualizados y la experiencia laboral, a una empresa de UX referente en Barcelona: Interactius.<\/p>\n<p>&nbsp;<\/p>\n<ul>\n<li><strong>\u00bfHay demanda de perfiles especializados en UX en Barcelona?<\/strong><\/li>\n<\/ul>\n<p>Barcelona, situada en la 4 posici\u00f3n mundial en el ranking de \u201cEurope\u2019s biggest startup &amp; innovation hubs\u201d confirma la tendencia de una ciudad en b\u00fasqueda del liderazgo de la revoluci\u00f3n tecnol\u00f3gica, donde iniciativas como Barcelona Tech City que potencian ese ecosistema digital, que ya se calcula esta dando trabajo a 30.000 profesionales, indican que la demanda de perfiles especializados es alta.<\/p>\n<p>Si como ingrediente final sumamos que muchas startups est\u00e1n enfocadas a servicios que solucionan paintpoints de usuario, los perfiles de UX en todo su espectro (Research, Design, \u2026) son muy solicitados. En 2019\/2020 aterrizan grandes compa\u00f1\u00edas a Barcelona con sus hub digitales con servicio mundial. En Barcelona lo tenemos claro: el futuro es m\u00e1s que prometedor.<\/p>\n<p>&nbsp;<\/p>\n<ul>\n<li><strong>\u00bfQu\u00e9 le recomendar\u00edas a alguien que quiera trabajar como UX?<\/strong><\/li>\n<\/ul>\n<p>Aprendizaje continuo, y amor a una disciplina original pensada en el usuario; no en palabras de moda para vender m\u00e1s a terceros.<\/p>\n<p>La tecnolog\u00eda, las Interfaces, las personas se rigen por un m\u00e1xima: La \u00fanica constante es el cambio, es por eso, que m\u00e1s all\u00e1 de la actitud, del compartir, del debatir y del promover el ensayo-error dentro de su d\u00eda a d\u00eda, requieren de reciclaje en conocimientos que les permita estar en posesi\u00f3n de una opini\u00f3n contrastada. El sector va demasiado r\u00e1pido para quedarse s\u00f3lo con el hacer \u201cun heur\u00edstico\u201d. DKS es un gran partner para cumplir esta m\u00e1xima.<\/p>\n<p>&nbsp;<\/p>\n<ul>\n<li><strong>\u00bfRecomendar\u00edas DKS?<\/strong><\/li>\n<\/ul>\n<p>Siempre lo hago cuando las expectativas del que pregunta y lo que ofrece el m\u00e1ster encajan.<\/p>\n<p>&nbsp;<\/p>\n<p>Si como Ra\u00fcl tu tambi\u00e9n sientes pasi\u00f3n por el UX te animamos a que le eches un vistazo a nuestro <strong>M\u00e1ster de UX\/UI: Experiencia de usuario, usabilidad y dise\u00f1o de interfaces<\/strong>. Aprender\u00e1s todo lo que necesitas saber para entrar a formar parte del sector del UX.<\/p>\n<p>&nbsp;<\/p>\n<p>Recuerda que, adem\u00e1s de en Barcelona, puedes cursar este <a href=\"https:\/\/dks.digital\/cursos\/master-de-ux-usabilidad-y-experiencia-de-usuario-en-madrid\/\">M\u00e1ster de UX\/UI en <strong>Madrid<\/strong><\/a> y <strong><a href=\"https:\/\/dks.digital\/cursos\/master-de-ux-usabilidad-y-experiencia-de-usuario-en-valencia\/\">Valencia<\/a><\/strong>.<\/p>\n<p>&nbsp;<\/p>\n<p style=\"text-align: center;\">[dt_sc_button type=&#8221;type1&#8243; size=&#8221;medium&#8221; bgcolor=&#8221;#ffc72c&#8221; textcolor=&#8221;#000000&#8243; target=&#8221;_blank&#8221; timeline_button=&#8221;no&#8221;]<strong>Descubre el M\u00e1ster de UX\/UI en Barcelona<\/strong>[\/dt_sc_button]<\/p>\n<p>&nbsp;<\/p>\n<p>\u00a1No te quedes con dudas! Si necesitas m\u00e1s informaci\u00f3n puedes llamarnos al <strong>91 577 83 41<\/strong> o escribirnos un mail a <strong><a href=\"mailto:info@dks.digital\">info@dks.digital<\/a><\/strong><\/p>\n","protected":false},"excerpt":{"rendered":"<p>En esta nueva entrega de entrevistas de DKS toca hablar del UX. Si las pasadas semanas public\u00e1bamos la entrevista a Eva Beltr\u00e1n, analista digital en ByHours o charl\u00e1bamos con el equipo de DKS en IKEA, hoy hablamos con Ra\u00fcl Cruz,\u00a0Head of Experience &amp; Production en Buzz Marketing Networks que nos cuenta su experiencia en el [&hellip;]<\/p>\n","protected":false},"author":19,"featured_media":87330,"comment_status":"closed","ping_status":"open","sticky":false,"template":"","format":"standard","meta":{"_acf_changed":false,"footnotes":""},"categories":[416],"tags":[575,702,666,431],"acf":[],"yoast_head":"<!-- This site is optimized with the Yoast SEO plugin v22.5 - https:\/\/yoast.com\/wordpress\/plugins\/seo\/ -->\n<title>Ra\u00fcl Cruz: &quot;El futuro del UX en Barcelona es m\u00e1s que prometedor&quot; - DKS, tu centro de estudios especializado en internet<\/title>\n<link rel=\"canonical\" href=\"https:\/\/dks.digital\/mx\/blog\/usabilidad-ux\/futuro-ux-barcelona\/\" \/>\n<meta property=\"og:locale\" content=\"es_ES\" \/>\n<meta property=\"og:type\" content=\"article\" \/>\n<meta property=\"og:title\" content=\"Ra\u00fcl Cruz: &quot;El futuro del UX en Barcelona es m\u00e1s que prometedor&quot; - DKS, tu centro de estudios especializado en internet\" \/>\n<meta property=\"og:description\" content=\"En esta nueva entrega de entrevistas de DKS toca hablar del UX. Si las pasadas semanas public\u00e1bamos la entrevista a Eva Beltr\u00e1n, analista digital en ByHours o charl\u00e1bamos con el equipo de DKS en IKEA, hoy hablamos con Ra\u00fcl Cruz,\u00a0Head of Experience &amp; Production en Buzz Marketing Networks que nos cuenta su experiencia en el [&hellip;]\" \/>\n<meta property=\"og:url\" content=\"https:\/\/dks.digital\/mx\/blog\/usabilidad-ux\/futuro-ux-barcelona\/\" \/>\n<meta property=\"og:site_name\" content=\"DKS, tu centro de estudios especializado en internet\" \/>\n<meta property=\"article:published_time\" content=\"2019-07-04T12:29:45+00:00\" \/>\n<meta name=\"author\" content=\"DKS\" \/>\n<meta name=\"twitter:card\" content=\"summary_large_image\" \/>\n<script type=\"application\/ld+json\" class=\"yoast-schema-graph\">{\"@context\":\"https:\/\/schema.org\",\"@graph\":[{\"@type\":\"Article\",\"@id\":\"https:\/\/dks.digital\/mx\/blog\/usabilidad-ux\/futuro-ux-barcelona\/#article\",\"isPartOf\":{\"@id\":\"https:\/\/dks.digital\/mx\/blog\/usabilidad-ux\/futuro-ux-barcelona\/\"},\"author\":{\"name\":\"DKS\",\"@id\":\"https:\/\/dks.digital\/mx\/#\/schema\/person\/6faf69c6ce843175d96680251a0d6723\"},\"headline\":\"Ra\u00fcl Cruz: &#8220;El futuro del UX en Barcelona es m\u00e1s que prometedor&#8221;\",\"datePublished\":\"2019-07-04T12:29:45+00:00\",\"dateModified\":\"2019-07-04T12:29:45+00:00\",\"mainEntityOfPage\":{\"@id\":\"https:\/\/dks.digital\/mx\/blog\/usabilidad-ux\/futuro-ux-barcelona\/\"},\"wordCount\":1433,\"publisher\":{\"@id\":\"https:\/\/dks.digital\/mx\/#organization\"},\"image\":{\"@id\":\"https:\/\/dks.digital\/mx\/blog\/usabilidad-ux\/futuro-ux-barcelona\/#primaryimage\"},\"thumbnailUrl\":\"https:\/\/dks.digital\/wp-content\/uploads\/2019\/07\/raul-cruz-entrevista-1.jpg\",\"keywords\":[\"Alumnos DKS\",\"DKS Barcelona\",\"KSEntrevistas\",\"ux\"],\"articleSection\":[\"Usabilidad UX\"],\"inLanguage\":\"es-MX\"},{\"@type\":\"WebPage\",\"@id\":\"https:\/\/dks.digital\/mx\/blog\/usabilidad-ux\/futuro-ux-barcelona\/\",\"url\":\"https:\/\/dks.digital\/mx\/blog\/usabilidad-ux\/futuro-ux-barcelona\/\",\"name\":\"Ra\u00fcl Cruz: \\\"El futuro del UX en Barcelona es m\u00e1s que prometedor\\\" - DKS, tu centro de estudios especializado en internet\",\"isPartOf\":{\"@id\":\"https:\/\/dks.digital\/mx\/#website\"},\"primaryImageOfPage\":{\"@id\":\"https:\/\/dks.digital\/mx\/blog\/usabilidad-ux\/futuro-ux-barcelona\/#primaryimage\"},\"image\":{\"@id\":\"https:\/\/dks.digital\/mx\/blog\/usabilidad-ux\/futuro-ux-barcelona\/#primaryimage\"},\"thumbnailUrl\":\"https:\/\/dks.digital\/wp-content\/uploads\/2019\/07\/raul-cruz-entrevista-1.jpg\",\"datePublished\":\"2019-07-04T12:29:45+00:00\",\"dateModified\":\"2019-07-04T12:29:45+00:00\",\"inLanguage\":\"es-MX\",\"potentialAction\":[{\"@type\":\"ReadAction\",\"target\":[\"https:\/\/dks.digital\/mx\/blog\/usabilidad-ux\/futuro-ux-barcelona\/\"]}]},{\"@type\":\"ImageObject\",\"inLanguage\":\"es-MX\",\"@id\":\"https:\/\/dks.digital\/mx\/blog\/usabilidad-ux\/futuro-ux-barcelona\/#primaryimage\",\"url\":\"https:\/\/dks.digital\/wp-content\/uploads\/2019\/07\/raul-cruz-entrevista-1.jpg\",\"contentUrl\":\"https:\/\/dks.digital\/wp-content\/uploads\/2019\/07\/raul-cruz-entrevista-1.jpg\",\"width\":549,\"height\":385,\"caption\":\"raul-cruz-entrevista\"},{\"@type\":\"WebSite\",\"@id\":\"https:\/\/dks.digital\/mx\/#website\",\"url\":\"https:\/\/dks.digital\/mx\/\",\"name\":\"DKS, tu centro de estudios especializado en internet\",\"description\":\"DKS, la escuela de los profesionales digitales desde hace m\u00e1s de 7 a\u00f1os\",\"publisher\":{\"@id\":\"https:\/\/dks.digital\/mx\/#organization\"},\"potentialAction\":[{\"@type\":\"SearchAction\",\"target\":{\"@type\":\"EntryPoint\",\"urlTemplate\":\"https:\/\/dks.digital\/mx\/?s={search_term_string}\"},\"query-input\":\"required name=search_term_string\"}],\"inLanguage\":\"es-MX\"},{\"@type\":\"Organization\",\"@id\":\"https:\/\/dks.digital\/mx\/#organization\",\"name\":\"DKS, tu centro de estudios especializado en internet\",\"url\":\"https:\/\/dks.digital\/mx\/\",\"logo\":{\"@type\":\"ImageObject\",\"inLanguage\":\"es-MX\",\"@id\":\"https:\/\/dks.digital\/mx\/#\/schema\/logo\/image\/\",\"url\":\"https:\/\/dks.digital\/wp-content\/uploads\/2025\/12\/cropped-cropped-favicon-ks.jpg\",\"contentUrl\":\"https:\/\/dks.digital\/wp-content\/uploads\/2025\/12\/cropped-cropped-favicon-ks.jpg\",\"width\":512,\"height\":512,\"caption\":\"DKS, tu centro de estudios especializado en internet\"},\"image\":{\"@id\":\"https:\/\/dks.digital\/mx\/#\/schema\/logo\/image\/\"}},{\"@type\":\"Person\",\"@id\":\"https:\/\/dks.digital\/mx\/#\/schema\/person\/6faf69c6ce843175d96680251a0d6723\",\"name\":\"DKS\",\"image\":{\"@type\":\"ImageObject\",\"inLanguage\":\"es-MX\",\"@id\":\"https:\/\/dks.digital\/mx\/#\/schema\/person\/image\/\",\"url\":\"https:\/\/secure.gravatar.com\/avatar\/3cf516e7d2b3c688288c120cdc1768a3?s=96&d=mm&r=g\",\"contentUrl\":\"https:\/\/secure.gravatar.com\/avatar\/3cf516e7d2b3c688288c120cdc1768a3?s=96&d=mm&r=g\",\"caption\":\"DKS\"}}]}<\/script>\n<!-- \/ Yoast SEO plugin. -->","yoast_head_json":{"title":"Ra\u00fcl Cruz: \"El futuro del UX en Barcelona es m\u00e1s que prometedor\" - DKS, tu centro de estudios especializado en internet","canonical":"https:\/\/dks.digital\/mx\/blog\/usabilidad-ux\/futuro-ux-barcelona\/","og_locale":"es_ES","og_type":"article","og_title":"Ra\u00fcl Cruz: \"El futuro del UX en Barcelona es m\u00e1s que prometedor\" - DKS, tu centro de estudios especializado en internet","og_description":"En esta nueva entrega de entrevistas de DKS toca hablar del UX. Si las pasadas semanas public\u00e1bamos la entrevista a Eva Beltr\u00e1n, analista digital en ByHours o charl\u00e1bamos con el equipo de DKS en IKEA, hoy hablamos con Ra\u00fcl Cruz,\u00a0Head of Experience &amp; Production en Buzz Marketing Networks que nos cuenta su experiencia en el [&hellip;]","og_url":"https:\/\/dks.digital\/mx\/blog\/usabilidad-ux\/futuro-ux-barcelona\/","og_site_name":"DKS, tu centro de estudios especializado en internet","article_published_time":"2019-07-04T12:29:45+00:00","author":"DKS","twitter_card":"summary_large_image","schema":{"@context":"https:\/\/schema.org","@graph":[{"@type":"Article","@id":"https:\/\/dks.digital\/mx\/blog\/usabilidad-ux\/futuro-ux-barcelona\/#article","isPartOf":{"@id":"https:\/\/dks.digital\/mx\/blog\/usabilidad-ux\/futuro-ux-barcelona\/"},"author":{"name":"DKS","@id":"https:\/\/dks.digital\/mx\/#\/schema\/person\/6faf69c6ce843175d96680251a0d6723"},"headline":"Ra\u00fcl Cruz: &#8220;El futuro del UX en Barcelona es m\u00e1s que prometedor&#8221;","datePublished":"2019-07-04T12:29:45+00:00","dateModified":"2019-07-04T12:29:45+00:00","mainEntityOfPage":{"@id":"https:\/\/dks.digital\/mx\/blog\/usabilidad-ux\/futuro-ux-barcelona\/"},"wordCount":1433,"publisher":{"@id":"https:\/\/dks.digital\/mx\/#organization"},"image":{"@id":"https:\/\/dks.digital\/mx\/blog\/usabilidad-ux\/futuro-ux-barcelona\/#primaryimage"},"thumbnailUrl":"https:\/\/dks.digital\/wp-content\/uploads\/2019\/07\/raul-cruz-entrevista-1.jpg","keywords":["Alumnos DKS","DKS Barcelona","KSEntrevistas","ux"],"articleSection":["Usabilidad UX"],"inLanguage":"es-MX"},{"@type":"WebPage","@id":"https:\/\/dks.digital\/mx\/blog\/usabilidad-ux\/futuro-ux-barcelona\/","url":"https:\/\/dks.digital\/mx\/blog\/usabilidad-ux\/futuro-ux-barcelona\/","name":"Ra\u00fcl Cruz: \"El futuro del UX en Barcelona es m\u00e1s que prometedor\" - DKS, tu centro de estudios especializado en internet","isPartOf":{"@id":"https:\/\/dks.digital\/mx\/#website"},"primaryImageOfPage":{"@id":"https:\/\/dks.digital\/mx\/blog\/usabilidad-ux\/futuro-ux-barcelona\/#primaryimage"},"image":{"@id":"https:\/\/dks.digital\/mx\/blog\/usabilidad-ux\/futuro-ux-barcelona\/#primaryimage"},"thumbnailUrl":"https:\/\/dks.digital\/wp-content\/uploads\/2019\/07\/raul-cruz-entrevista-1.jpg","datePublished":"2019-07-04T12:29:45+00:00","dateModified":"2019-07-04T12:29:45+00:00","inLanguage":"es-MX","potentialAction":[{"@type":"ReadAction","target":["https:\/\/dks.digital\/mx\/blog\/usabilidad-ux\/futuro-ux-barcelona\/"]}]},{"@type":"ImageObject","inLanguage":"es-MX","@id":"https:\/\/dks.digital\/mx\/blog\/usabilidad-ux\/futuro-ux-barcelona\/#primaryimage","url":"https:\/\/dks.digital\/wp-content\/uploads\/2019\/07\/raul-cruz-entrevista-1.jpg","contentUrl":"https:\/\/dks.digital\/wp-content\/uploads\/2019\/07\/raul-cruz-entrevista-1.jpg","width":549,"height":385,"caption":"raul-cruz-entrevista"},{"@type":"WebSite","@id":"https:\/\/dks.digital\/mx\/#website","url":"https:\/\/dks.digital\/mx\/","name":"DKS, tu centro de estudios especializado en internet","description":"DKS, la escuela de los profesionales digitales desde hace m\u00e1s de 7 a\u00f1os","publisher":{"@id":"https:\/\/dks.digital\/mx\/#organization"},"potentialAction":[{"@type":"SearchAction","target":{"@type":"EntryPoint","urlTemplate":"https:\/\/dks.digital\/mx\/?s={search_term_string}"},"query-input":"required name=search_term_string"}],"inLanguage":"es-MX"},{"@type":"Organization","@id":"https:\/\/dks.digital\/mx\/#organization","name":"DKS, tu centro de estudios especializado en internet","url":"https:\/\/dks.digital\/mx\/","logo":{"@type":"ImageObject","inLanguage":"es-MX","@id":"https:\/\/dks.digital\/mx\/#\/schema\/logo\/image\/","url":"https:\/\/dks.digital\/wp-content\/uploads\/2025\/12\/cropped-cropped-favicon-ks.jpg","contentUrl":"https:\/\/dks.digital\/wp-content\/uploads\/2025\/12\/cropped-cropped-favicon-ks.jpg","width":512,"height":512,"caption":"DKS, tu centro de estudios especializado en internet"},"image":{"@id":"https:\/\/dks.digital\/mx\/#\/schema\/logo\/image\/"}},{"@type":"Person","@id":"https:\/\/dks.digital\/mx\/#\/schema\/person\/6faf69c6ce843175d96680251a0d6723","name":"DKS","image":{"@type":"ImageObject","inLanguage":"es-MX","@id":"https:\/\/dks.digital\/mx\/#\/schema\/person\/image\/","url":"https:\/\/secure.gravatar.com\/avatar\/3cf516e7d2b3c688288c120cdc1768a3?s=96&d=mm&r=g","contentUrl":"https:\/\/secure.gravatar.com\/avatar\/3cf516e7d2b3c688288c120cdc1768a3?s=96&d=mm&r=g","caption":"DKS"}}]}},"_links":{"self":[{"href":"https:\/\/dks.digital\/mx\/wp-json\/wp\/v2\/posts\/87327"}],"collection":[{"href":"https:\/\/dks.digital\/mx\/wp-json\/wp\/v2\/posts"}],"about":[{"href":"https:\/\/dks.digital\/mx\/wp-json\/wp\/v2\/types\/post"}],"author":[{"embeddable":true,"href":"https:\/\/dks.digital\/mx\/wp-json\/wp\/v2\/users\/19"}],"replies":[{"embeddable":true,"href":"https:\/\/dks.digital\/mx\/wp-json\/wp\/v2\/comments?post=87327"}],"version-history":[{"count":0,"href":"https:\/\/dks.digital\/mx\/wp-json\/wp\/v2\/posts\/87327\/revisions"}],"wp:featuredmedia":[{"embeddable":true,"href":"https:\/\/dks.digital\/mx\/wp-json\/wp\/v2\/media\/87330"}],"wp:attachment":[{"href":"https:\/\/dks.digital\/mx\/wp-json\/wp\/v2\/media?parent=87327"}],"wp:term":[{"taxonomy":"category","embeddable":true,"href":"https:\/\/dks.digital\/mx\/wp-json\/wp\/v2\/categories?post=87327"},{"taxonomy":"post_tag","embeddable":true,"href":"https:\/\/dks.digital\/mx\/wp-json\/wp\/v2\/tags?post=87327"}],"curies":[{"name":"wp","href":"https:\/\/api.w.org\/{rel}","templated":true}]}}