{"id":83272,"date":"2012-01-13T12:51:32","date_gmt":"2012-01-13T12:51:32","guid":{"rendered":"https:\/\/dks.digital\/blog\/sin-categoria\/gran-presentacion-de-los-proyectos-de-la-i-edicion-del-programa-profesional-mkt-mobile-y-publicidad\/"},"modified":"2012-01-13T12:51:32","modified_gmt":"2012-01-13T12:51:32","slug":"gran-presentacion-de-los-proyectos-de-la-i-edicion-del-programa-profesional-mkt-mobile-y-publicidad","status":"publish","type":"post","link":"https:\/\/dks.digital\/mx\/blog\/marketing\/gran-presentacion-de-los-proyectos-de-la-i-edicion-del-programa-profesional-mkt-mobile-y-publicidad\/","title":{"rendered":"Gran presentaci\u00f3n de los proyectos de la I Edici\u00f3n del Programa Profesional Mkt Mobile Y Publicidad"},"content":{"rendered":"<p>El pasado 11 de diciembre, tuvimos la suerte en DKS de asistir a la presentaci\u00f3n de los proyectos de la primera edici\u00f3n del <strong>Programa Profesional Mkt Mobile y Publicidad<\/strong>.<\/p>\n<p>A partir de las siete de la tarde el m\u00e1s que conocido aula amarillo se fue llenando de profesores y alumnos que durante los \u00faltimos meses se han ido formando y actualizando en el mundo de las<strong> aplicaciones m\u00f3viles <\/strong>y dem\u00e1s herramientas imprescindibles en un <strong>plan de marketing actualizado.<\/strong><\/p>\n<p>Entre nervios y retoques de \u00faltima hora, se fueron sucediendo los distintos <strong>proyectos<\/strong> bajo la atenta mirada de un jurado al m\u00e1s puro estilo T\u00fa s\u00ed que vales. \u00c9ste estaba compuesto por <strong>Cristina Recuero, presidenta de la MMA, <\/strong>as\u00ed como por los profesores que semana tras semana fueron explicando a los alumnos c\u00f3mo se ganan ellos la vida con el mundo del <strong>Mobile Marketing<\/strong>, con la pr\u00e1ctica por bandera.<\/p>\n<p>Cada proyecto lo hab\u00eda desarrollado un equipo formado por varias personas, y la tem\u00e1tica fue tan variada como sus desarrollos: Inditex, Grupo Vips, Control, ONCE, Grupo Oter y Call of Duty3.<\/p>\n<p>Al finalizar las presentaciones pudimos hablar con tres de nuestras alumnas (Mar\u00eda Rosa, Laura y Adriana), equipo que desarroll\u00f3 el proyecto para el Grupo Vips. Cuando le preguntamos a <strong>Mar\u00eda Rosa<\/strong> la valoraci\u00f3n general del curso, afirm\u00f3 \u201cahora <strong>tengo una visi\u00f3n global del marketing m\u00f3vil de la que no gozaba antes.<\/strong> Yo sin duda recomendar\u00eda a la gente interesada en este mundillo y en las nuevas profesiones que genera, que hiciera el curso\u201d.<\/p>\n<p>Por su lado, <strong>Laura<\/strong> destac\u00f3: \u201cse tocan todos los palos. <strong>La suma de las visiones particulares de cada profesor hace que al final todas encajen y te otorgan el concepto global coherente y en profundidad\u201d<\/strong>.<\/p>\n<p><strong>Adriana<\/strong> se\u00f1al\u00f3 : \u201c<strong>el networking que se consigue en DKS es muy bueno y conoces a mucha gente. <\/strong>No es el primer curso que hago aqu\u00ed y siempre he conocido gente interesante y de la que ahora digo que son mis amigos\u201d.<\/p>\n<p>Al final, los alumnos recibieron su diploma y se fueron a celebrarlo como la ocasi\u00f3n lo merec\u00eda.<\/p>\n","protected":false},"excerpt":{"rendered":"<p>El pasado 11 de diciembre, tuvimos la suerte en DKS de asistir a la presentaci\u00f3n de los proyectos de la primera edici\u00f3n del Programa Profesional Mkt Mobile y Publicidad. A partir de las siete de la tarde el m\u00e1s que conocido aula amarillo se fue llenando de profesores y alumnos que durante los \u00faltimos meses se han ido formando y actualizando en el mundo de las aplicaciones m\u00f3viles y dem\u00e1s herramientas imprescindibles en un plan de marketing actualizado.<\/p>\n","protected":false},"author":19,"featured_media":0,"comment_status":"closed","ping_status":"open","sticky":false,"template":"","format":"standard","meta":{"_acf_changed":false,"footnotes":""},"categories":[414],"tags":[570,531,604,458,534,599,469,528,538],"acf":[],"yoast_head":"<!-- This site is optimized with the Yoast SEO plugin v22.5 - https:\/\/yoast.com\/wordpress\/plugins\/seo\/ -->\n<title>Gran presentaci\u00f3n de los proyectos de la I Edici\u00f3n del Programa Profesional Mkt Mobile Y Publicidad - DKS, tu centro de estudios especializado en internet<\/title>\n<link rel=\"canonical\" href=\"https:\/\/dks.digital\/mx\/blog\/marketing\/gran-presentacion-de-los-proyectos-de-la-i-edicion-del-programa-profesional-mkt-mobile-y-publicidad\/\" \/>\n<meta property=\"og:locale\" content=\"es_ES\" \/>\n<meta property=\"og:type\" content=\"article\" \/>\n<meta property=\"og:title\" content=\"Gran presentaci\u00f3n de los proyectos de la I Edici\u00f3n del Programa Profesional Mkt Mobile Y Publicidad - DKS, tu centro de estudios especializado en internet\" \/>\n<meta property=\"og:description\" content=\"El pasado 11 de diciembre, tuvimos la suerte en DKS de asistir a la presentaci\u00f3n de los proyectos de la primera edici\u00f3n del Programa Profesional Mkt Mobile y Publicidad. A partir de las siete de la tarde el m\u00e1s que conocido aula amarillo se fue llenando de profesores y alumnos que durante los \u00faltimos meses se han ido formando y actualizando en el mundo de las aplicaciones m\u00f3viles y dem\u00e1s herramientas imprescindibles en un plan de marketing actualizado.\" \/>\n<meta property=\"og:url\" content=\"https:\/\/dks.digital\/mx\/blog\/marketing\/gran-presentacion-de-los-proyectos-de-la-i-edicion-del-programa-profesional-mkt-mobile-y-publicidad\/\" \/>\n<meta property=\"og:site_name\" content=\"DKS, tu centro de estudios especializado en internet\" \/>\n<meta property=\"article:published_time\" content=\"2012-01-13T12:51:32+00:00\" \/>\n<meta name=\"author\" content=\"DKS\" \/>\n<meta name=\"twitter:card\" content=\"summary_large_image\" \/>\n<script type=\"application\/ld+json\" class=\"yoast-schema-graph\">{\"@context\":\"https:\/\/schema.org\",\"@graph\":[{\"@type\":\"Article\",\"@id\":\"https:\/\/dks.digital\/mx\/blog\/marketing\/gran-presentacion-de-los-proyectos-de-la-i-edicion-del-programa-profesional-mkt-mobile-y-publicidad\/#article\",\"isPartOf\":{\"@id\":\"https:\/\/dks.digital\/mx\/blog\/marketing\/gran-presentacion-de-los-proyectos-de-la-i-edicion-del-programa-profesional-mkt-mobile-y-publicidad\/\"},\"author\":{\"name\":\"DKS\",\"@id\":\"https:\/\/dks.digital\/mx\/#\/schema\/person\/6faf69c6ce843175d96680251a0d6723\"},\"headline\":\"Gran presentaci\u00f3n de los proyectos de la I Edici\u00f3n del Programa Profesional Mkt Mobile Y Publicidad\",\"datePublished\":\"2012-01-13T12:51:32+00:00\",\"dateModified\":\"2012-01-13T12:51:32+00:00\",\"mainEntityOfPage\":{\"@id\":\"https:\/\/dks.digital\/mx\/blog\/marketing\/gran-presentacion-de-los-proyectos-de-la-i-edicion-del-programa-profesional-mkt-mobile-y-publicidad\/\"},\"wordCount\":380,\"publisher\":{\"@id\":\"https:\/\/dks.digital\/mx\/#organization\"},\"keywords\":[\"Alumnos\",\"conocimiento\",\"cursos\",\"DKS\",\"Internet\",\"marketing mobile\",\"marketing online\",\"nuevas profesiones\",\"online\"],\"articleSection\":[\"Marketing\"],\"inLanguage\":\"es-MX\"},{\"@type\":\"WebPage\",\"@id\":\"https:\/\/dks.digital\/mx\/blog\/marketing\/gran-presentacion-de-los-proyectos-de-la-i-edicion-del-programa-profesional-mkt-mobile-y-publicidad\/\",\"url\":\"https:\/\/dks.digital\/mx\/blog\/marketing\/gran-presentacion-de-los-proyectos-de-la-i-edicion-del-programa-profesional-mkt-mobile-y-publicidad\/\",\"name\":\"Gran presentaci\u00f3n de los proyectos de la I Edici\u00f3n del Programa Profesional Mkt Mobile Y Publicidad - DKS, tu centro de estudios especializado en internet\",\"isPartOf\":{\"@id\":\"https:\/\/dks.digital\/mx\/#website\"},\"datePublished\":\"2012-01-13T12:51:32+00:00\",\"dateModified\":\"2012-01-13T12:51:32+00:00\",\"inLanguage\":\"es-MX\",\"potentialAction\":[{\"@type\":\"ReadAction\",\"target\":[\"https:\/\/dks.digital\/mx\/blog\/marketing\/gran-presentacion-de-los-proyectos-de-la-i-edicion-del-programa-profesional-mkt-mobile-y-publicidad\/\"]}]},{\"@type\":\"WebSite\",\"@id\":\"https:\/\/dks.digital\/mx\/#website\",\"url\":\"https:\/\/dks.digital\/mx\/\",\"name\":\"DKS, tu centro de estudios especializado en internet\",\"description\":\"DKS, la escuela de los profesionales digitales desde hace m\u00e1s de 7 a\u00f1os\",\"publisher\":{\"@id\":\"https:\/\/dks.digital\/mx\/#organization\"},\"potentialAction\":[{\"@type\":\"SearchAction\",\"target\":{\"@type\":\"EntryPoint\",\"urlTemplate\":\"https:\/\/dks.digital\/mx\/?s={search_term_string}\"},\"query-input\":\"required name=search_term_string\"}],\"inLanguage\":\"es-MX\"},{\"@type\":\"Organization\",\"@id\":\"https:\/\/dks.digital\/mx\/#organization\",\"name\":\"DKS, tu centro de estudios especializado en internet\",\"url\":\"https:\/\/dks.digital\/mx\/\",\"logo\":{\"@type\":\"ImageObject\",\"inLanguage\":\"es-MX\",\"@id\":\"https:\/\/dks.digital\/mx\/#\/schema\/logo\/image\/\",\"url\":\"https:\/\/dks.digital\/wp-content\/uploads\/2025\/12\/cropped-cropped-favicon-ks.jpg\",\"contentUrl\":\"https:\/\/dks.digital\/wp-content\/uploads\/2025\/12\/cropped-cropped-favicon-ks.jpg\",\"width\":512,\"height\":512,\"caption\":\"DKS, tu centro de estudios especializado en internet\"},\"image\":{\"@id\":\"https:\/\/dks.digital\/mx\/#\/schema\/logo\/image\/\"}},{\"@type\":\"Person\",\"@id\":\"https:\/\/dks.digital\/mx\/#\/schema\/person\/6faf69c6ce843175d96680251a0d6723\",\"name\":\"DKS\",\"image\":{\"@type\":\"ImageObject\",\"inLanguage\":\"es-MX\",\"@id\":\"https:\/\/dks.digital\/mx\/#\/schema\/person\/image\/\",\"url\":\"https:\/\/secure.gravatar.com\/avatar\/3cf516e7d2b3c688288c120cdc1768a3?s=96&d=mm&r=g\",\"contentUrl\":\"https:\/\/secure.gravatar.com\/avatar\/3cf516e7d2b3c688288c120cdc1768a3?s=96&d=mm&r=g\",\"caption\":\"DKS\"}}]}<\/script>\n<!-- \/ Yoast SEO plugin. -->","yoast_head_json":{"title":"Gran presentaci\u00f3n de los proyectos de la I Edici\u00f3n del Programa Profesional Mkt Mobile Y Publicidad - DKS, tu centro de estudios especializado en internet","canonical":"https:\/\/dks.digital\/mx\/blog\/marketing\/gran-presentacion-de-los-proyectos-de-la-i-edicion-del-programa-profesional-mkt-mobile-y-publicidad\/","og_locale":"es_ES","og_type":"article","og_title":"Gran presentaci\u00f3n de los proyectos de la I Edici\u00f3n del Programa Profesional Mkt Mobile Y Publicidad - DKS, tu centro de estudios especializado en internet","og_description":"El pasado 11 de diciembre, tuvimos la suerte en DKS de asistir a la presentaci\u00f3n de los proyectos de la primera edici\u00f3n del Programa Profesional Mkt Mobile y Publicidad. A partir de las siete de la tarde el m\u00e1s que conocido aula amarillo se fue llenando de profesores y alumnos que durante los \u00faltimos meses se han ido formando y actualizando en el mundo de las aplicaciones m\u00f3viles y dem\u00e1s herramientas imprescindibles en un plan de marketing actualizado.","og_url":"https:\/\/dks.digital\/mx\/blog\/marketing\/gran-presentacion-de-los-proyectos-de-la-i-edicion-del-programa-profesional-mkt-mobile-y-publicidad\/","og_site_name":"DKS, tu centro de estudios especializado en internet","article_published_time":"2012-01-13T12:51:32+00:00","author":"DKS","twitter_card":"summary_large_image","schema":{"@context":"https:\/\/schema.org","@graph":[{"@type":"Article","@id":"https:\/\/dks.digital\/mx\/blog\/marketing\/gran-presentacion-de-los-proyectos-de-la-i-edicion-del-programa-profesional-mkt-mobile-y-publicidad\/#article","isPartOf":{"@id":"https:\/\/dks.digital\/mx\/blog\/marketing\/gran-presentacion-de-los-proyectos-de-la-i-edicion-del-programa-profesional-mkt-mobile-y-publicidad\/"},"author":{"name":"DKS","@id":"https:\/\/dks.digital\/mx\/#\/schema\/person\/6faf69c6ce843175d96680251a0d6723"},"headline":"Gran presentaci\u00f3n de los proyectos de la I Edici\u00f3n del Programa Profesional Mkt Mobile Y Publicidad","datePublished":"2012-01-13T12:51:32+00:00","dateModified":"2012-01-13T12:51:32+00:00","mainEntityOfPage":{"@id":"https:\/\/dks.digital\/mx\/blog\/marketing\/gran-presentacion-de-los-proyectos-de-la-i-edicion-del-programa-profesional-mkt-mobile-y-publicidad\/"},"wordCount":380,"publisher":{"@id":"https:\/\/dks.digital\/mx\/#organization"},"keywords":["Alumnos","conocimiento","cursos","DKS","Internet","marketing mobile","marketing online","nuevas profesiones","online"],"articleSection":["Marketing"],"inLanguage":"es-MX"},{"@type":"WebPage","@id":"https:\/\/dks.digital\/mx\/blog\/marketing\/gran-presentacion-de-los-proyectos-de-la-i-edicion-del-programa-profesional-mkt-mobile-y-publicidad\/","url":"https:\/\/dks.digital\/mx\/blog\/marketing\/gran-presentacion-de-los-proyectos-de-la-i-edicion-del-programa-profesional-mkt-mobile-y-publicidad\/","name":"Gran presentaci\u00f3n de los proyectos de la I Edici\u00f3n del Programa Profesional Mkt Mobile Y Publicidad - DKS, tu centro de estudios especializado en internet","isPartOf":{"@id":"https:\/\/dks.digital\/mx\/#website"},"datePublished":"2012-01-13T12:51:32+00:00","dateModified":"2012-01-13T12:51:32+00:00","inLanguage":"es-MX","potentialAction":[{"@type":"ReadAction","target":["https:\/\/dks.digital\/mx\/blog\/marketing\/gran-presentacion-de-los-proyectos-de-la-i-edicion-del-programa-profesional-mkt-mobile-y-publicidad\/"]}]},{"@type":"WebSite","@id":"https:\/\/dks.digital\/mx\/#website","url":"https:\/\/dks.digital\/mx\/","name":"DKS, tu centro de estudios especializado en internet","description":"DKS, la escuela de los profesionales digitales desde hace m\u00e1s de 7 a\u00f1os","publisher":{"@id":"https:\/\/dks.digital\/mx\/#organization"},"potentialAction":[{"@type":"SearchAction","target":{"@type":"EntryPoint","urlTemplate":"https:\/\/dks.digital\/mx\/?s={search_term_string}"},"query-input":"required name=search_term_string"}],"inLanguage":"es-MX"},{"@type":"Organization","@id":"https:\/\/dks.digital\/mx\/#organization","name":"DKS, tu centro de estudios especializado en internet","url":"https:\/\/dks.digital\/mx\/","logo":{"@type":"ImageObject","inLanguage":"es-MX","@id":"https:\/\/dks.digital\/mx\/#\/schema\/logo\/image\/","url":"https:\/\/dks.digital\/wp-content\/uploads\/2025\/12\/cropped-cropped-favicon-ks.jpg","contentUrl":"https:\/\/dks.digital\/wp-content\/uploads\/2025\/12\/cropped-cropped-favicon-ks.jpg","width":512,"height":512,"caption":"DKS, tu centro de estudios especializado en internet"},"image":{"@id":"https:\/\/dks.digital\/mx\/#\/schema\/logo\/image\/"}},{"@type":"Person","@id":"https:\/\/dks.digital\/mx\/#\/schema\/person\/6faf69c6ce843175d96680251a0d6723","name":"DKS","image":{"@type":"ImageObject","inLanguage":"es-MX","@id":"https:\/\/dks.digital\/mx\/#\/schema\/person\/image\/","url":"https:\/\/secure.gravatar.com\/avatar\/3cf516e7d2b3c688288c120cdc1768a3?s=96&d=mm&r=g","contentUrl":"https:\/\/secure.gravatar.com\/avatar\/3cf516e7d2b3c688288c120cdc1768a3?s=96&d=mm&r=g","caption":"DKS"}}]}},"_links":{"self":[{"href":"https:\/\/dks.digital\/mx\/wp-json\/wp\/v2\/posts\/83272"}],"collection":[{"href":"https:\/\/dks.digital\/mx\/wp-json\/wp\/v2\/posts"}],"about":[{"href":"https:\/\/dks.digital\/mx\/wp-json\/wp\/v2\/types\/post"}],"author":[{"embeddable":true,"href":"https:\/\/dks.digital\/mx\/wp-json\/wp\/v2\/users\/19"}],"replies":[{"embeddable":true,"href":"https:\/\/dks.digital\/mx\/wp-json\/wp\/v2\/comments?post=83272"}],"version-history":[{"count":0,"href":"https:\/\/dks.digital\/mx\/wp-json\/wp\/v2\/posts\/83272\/revisions"}],"wp:attachment":[{"href":"https:\/\/dks.digital\/mx\/wp-json\/wp\/v2\/media?parent=83272"}],"wp:term":[{"taxonomy":"category","embeddable":true,"href":"https:\/\/dks.digital\/mx\/wp-json\/wp\/v2\/categories?post=83272"},{"taxonomy":"post_tag","embeddable":true,"href":"https:\/\/dks.digital\/mx\/wp-json\/wp\/v2\/tags?post=83272"}],"curies":[{"name":"wp","href":"https:\/\/api.w.org\/{rel}","templated":true}]}}