{"id":83255,"date":"2012-07-04T12:13:40","date_gmt":"2012-07-04T12:13:40","guid":{"rendered":"https:\/\/dks.digital\/blog\/sin-categoria\/exito-de-la-segunda-edicion-de-nuestro-programa-profesional-marketing-mobile-y-publicidad\/"},"modified":"2012-07-04T12:13:40","modified_gmt":"2012-07-04T12:13:40","slug":"exito-de-la-segunda-edicion-de-nuestro-programa-profesional-marketing-mobile-y-publicidad","status":"publish","type":"post","link":"https:\/\/dks.digital\/mx\/blog\/marketing\/exito-de-la-segunda-edicion-de-nuestro-programa-profesional-marketing-mobile-y-publicidad\/","title":{"rendered":"\u00c9xito de la segunda edici\u00f3n de nuestro programa profesional marketing mobile y publicidad!!"},"content":{"rendered":"<p>Nuestro programa profesional marketing mobile y publicidad ha finalizado con un rotundo \u00e9xito!! \u00a0\ud83d\ude42<\/p>\n<p>En esta \u00faltima sesi\u00f3n los alumnos fueron los protagonistas, durante toda la tarde nos presentaron sus <strong>trabajos finales<\/strong> en los que pon\u00edan en pr\u00e1ctica todo lo aprendido.<\/p>\n<p>Carlos, Raquel y Marta comenzaron la tarde con toda una estrategia para el relanzamiento de una marca de telefon\u00eda, dentro de la presentaci\u00f3n destac\u00f3 un v\u00eddeo que hab\u00edan creado con el que consiguieron impactar a los all\u00ed presentes. Con este plan pretend\u00edan que la compa\u00f1\u00eda se situara en un hipot\u00e9tico segundo puesto desbancando a la segunda operadora en el mercado de <strong>telefon\u00eda m\u00f3vil<\/strong>.<\/p>\n<p>El equipo de Rosa, Jes\u00fas y Jacobo opt\u00f3 por presentarnos un caso de ecommerce, para ello crearon Corbis, un ecommerce de neum\u00e1ticos con grandes objetivos. Teniendo en cuenta los datos del mercado, entre ellos que la navegaci\u00f3n desde <strong>dispositivos m\u00f3viles<\/strong> est\u00e1 previsto que desplace a los ordenadores en 2014 y que el 68% de los usuarios accede a internet cada d\u00eda desde su smartphone y nunca sale de casa sin \u00e9l seg\u00fan Accenture, los alumnos basaron su estrategia entorno al <strong>marketing mobile<\/strong> para sacar el mayor partido a esta tendencia.<\/p>\n<p>Como no pod\u00eda ser de otra manera y dado que se acercan los Juego Ol\u00edmpicos el grupo de Alejandro, A\u00edda y M\u00f3nica nos demostr\u00f3 que el <strong>mobile<\/strong> no s\u00f3lo se puede integrar perfectamente en los eventos deportivos m\u00e1s importantes si no que ofrece infinitas posibilidades para potenciarlos.<\/p>\n<p>Como asegur\u00f3 Luis Di\u00e9guez, profesor del programa, \u201csi no estuvi\u00e9ramos en crisis el cliente os habr\u00eda comprado la idea\u201d, y es que Raquel, Carla y Jorge nos presentaron una novedosa <strong>aplicaci\u00f3n<\/strong> para una marca de gafas de sol con la que pod\u00edas comprobar c\u00f3mo te quedan las gafas mediante tu dispositivo m\u00f3vil.<\/p>\n<p>En el final de la sesi\u00f3n Laura, Carlos, Jaime y Gretchen presentaron una interesante aplicaci\u00f3n m\u00f3vil para grandes recintos feriales que facilitar\u00eda los tr\u00e1mites en las ferias y tener todos los datos disponibles desde un <strong>smartphone<\/strong>.<\/p>\n<p>As\u00ed acab\u00f3 la segunda edici\u00f3n del <strong>programa profesional marketing mobile y publicidad<\/strong> y desde aqu\u00ed queremos dar la enhorabuena a los alumnos!!<\/p>\n<p>Desde <strong>DKS<\/strong> ya estamos preparando la tercera edici\u00f3n\u2026 \u00bfTe animas?<\/p>\n","protected":false},"excerpt":{"rendered":"<p>La segunda edici\u00f3n del programa profesional marketing mobile y publicidad acab\u00f3 con las presentaciones finales. Nuestros alumnos aplicaron todos los conocimientos aprendidos en un caso final que presentaron frente a un jurado de profesores.<\/p>\n","protected":false},"author":19,"featured_media":0,"comment_status":"closed","ping_status":"open","sticky":false,"template":"","format":"standard","meta":{"_acf_changed":false,"footnotes":""},"categories":[414],"tags":[458,448,599,603],"acf":[],"yoast_head":"<!-- This site is optimized with the Yoast SEO plugin v22.5 - https:\/\/yoast.com\/wordpress\/plugins\/seo\/ -->\n<title>\u00c9xito de la segunda edici\u00f3n de nuestro programa profesional marketing mobile y publicidad!! - DKS, tu centro de estudios especializado en internet<\/title>\n<link rel=\"canonical\" href=\"https:\/\/dks.digital\/mx\/blog\/marketing\/exito-de-la-segunda-edicion-de-nuestro-programa-profesional-marketing-mobile-y-publicidad\/\" \/>\n<meta property=\"og:locale\" content=\"es_ES\" \/>\n<meta property=\"og:type\" content=\"article\" \/>\n<meta property=\"og:title\" content=\"\u00c9xito de la segunda edici\u00f3n de nuestro programa profesional marketing mobile y publicidad!! - DKS, tu centro de estudios especializado en internet\" \/>\n<meta property=\"og:description\" content=\"La segunda edici\u00f3n del programa profesional marketing mobile y publicidad acab\u00f3 con las presentaciones finales. Nuestros alumnos aplicaron todos los conocimientos aprendidos en un caso final que presentaron frente a un jurado de profesores.\" \/>\n<meta property=\"og:url\" content=\"https:\/\/dks.digital\/mx\/blog\/marketing\/exito-de-la-segunda-edicion-de-nuestro-programa-profesional-marketing-mobile-y-publicidad\/\" \/>\n<meta property=\"og:site_name\" content=\"DKS, tu centro de estudios especializado en internet\" \/>\n<meta property=\"article:published_time\" content=\"2012-07-04T12:13:40+00:00\" \/>\n<meta name=\"author\" content=\"DKS\" \/>\n<meta name=\"twitter:card\" content=\"summary_large_image\" \/>\n<script type=\"application\/ld+json\" class=\"yoast-schema-graph\">{\"@context\":\"https:\/\/schema.org\",\"@graph\":[{\"@type\":\"Article\",\"@id\":\"https:\/\/dks.digital\/mx\/blog\/marketing\/exito-de-la-segunda-edicion-de-nuestro-programa-profesional-marketing-mobile-y-publicidad\/#article\",\"isPartOf\":{\"@id\":\"https:\/\/dks.digital\/mx\/blog\/marketing\/exito-de-la-segunda-edicion-de-nuestro-programa-profesional-marketing-mobile-y-publicidad\/\"},\"author\":{\"name\":\"DKS\",\"@id\":\"https:\/\/dks.digital\/mx\/#\/schema\/person\/6faf69c6ce843175d96680251a0d6723\"},\"headline\":\"\u00c9xito de la segunda edici\u00f3n de nuestro programa profesional marketing mobile y publicidad!!\",\"datePublished\":\"2012-07-04T12:13:40+00:00\",\"dateModified\":\"2012-07-04T12:13:40+00:00\",\"mainEntityOfPage\":{\"@id\":\"https:\/\/dks.digital\/mx\/blog\/marketing\/exito-de-la-segunda-edicion-de-nuestro-programa-profesional-marketing-mobile-y-publicidad\/\"},\"wordCount\":410,\"publisher\":{\"@id\":\"https:\/\/dks.digital\/mx\/#organization\"},\"keywords\":[\"DKS\",\"marketing\",\"marketing mobile\",\"programa\"],\"articleSection\":[\"Marketing\"],\"inLanguage\":\"es-MX\"},{\"@type\":\"WebPage\",\"@id\":\"https:\/\/dks.digital\/mx\/blog\/marketing\/exito-de-la-segunda-edicion-de-nuestro-programa-profesional-marketing-mobile-y-publicidad\/\",\"url\":\"https:\/\/dks.digital\/mx\/blog\/marketing\/exito-de-la-segunda-edicion-de-nuestro-programa-profesional-marketing-mobile-y-publicidad\/\",\"name\":\"\u00c9xito de la segunda edici\u00f3n de nuestro programa profesional marketing mobile y publicidad!! - DKS, tu centro de estudios especializado en internet\",\"isPartOf\":{\"@id\":\"https:\/\/dks.digital\/mx\/#website\"},\"datePublished\":\"2012-07-04T12:13:40+00:00\",\"dateModified\":\"2012-07-04T12:13:40+00:00\",\"inLanguage\":\"es-MX\",\"potentialAction\":[{\"@type\":\"ReadAction\",\"target\":[\"https:\/\/dks.digital\/mx\/blog\/marketing\/exito-de-la-segunda-edicion-de-nuestro-programa-profesional-marketing-mobile-y-publicidad\/\"]}]},{\"@type\":\"WebSite\",\"@id\":\"https:\/\/dks.digital\/mx\/#website\",\"url\":\"https:\/\/dks.digital\/mx\/\",\"name\":\"DKS, tu centro de estudios especializado en internet\",\"description\":\"DKS, la escuela de los profesionales digitales desde hace m\u00e1s de 7 a\u00f1os\",\"publisher\":{\"@id\":\"https:\/\/dks.digital\/mx\/#organization\"},\"potentialAction\":[{\"@type\":\"SearchAction\",\"target\":{\"@type\":\"EntryPoint\",\"urlTemplate\":\"https:\/\/dks.digital\/mx\/?s={search_term_string}\"},\"query-input\":\"required name=search_term_string\"}],\"inLanguage\":\"es-MX\"},{\"@type\":\"Organization\",\"@id\":\"https:\/\/dks.digital\/mx\/#organization\",\"name\":\"DKS, tu centro de estudios especializado en internet\",\"url\":\"https:\/\/dks.digital\/mx\/\",\"logo\":{\"@type\":\"ImageObject\",\"inLanguage\":\"es-MX\",\"@id\":\"https:\/\/dks.digital\/mx\/#\/schema\/logo\/image\/\",\"url\":\"https:\/\/dks.digital\/wp-content\/uploads\/2025\/12\/cropped-cropped-favicon-ks.jpg\",\"contentUrl\":\"https:\/\/dks.digital\/wp-content\/uploads\/2025\/12\/cropped-cropped-favicon-ks.jpg\",\"width\":512,\"height\":512,\"caption\":\"DKS, tu centro de estudios especializado en internet\"},\"image\":{\"@id\":\"https:\/\/dks.digital\/mx\/#\/schema\/logo\/image\/\"}},{\"@type\":\"Person\",\"@id\":\"https:\/\/dks.digital\/mx\/#\/schema\/person\/6faf69c6ce843175d96680251a0d6723\",\"name\":\"DKS\",\"image\":{\"@type\":\"ImageObject\",\"inLanguage\":\"es-MX\",\"@id\":\"https:\/\/dks.digital\/mx\/#\/schema\/person\/image\/\",\"url\":\"https:\/\/secure.gravatar.com\/avatar\/3cf516e7d2b3c688288c120cdc1768a3?s=96&d=mm&r=g\",\"contentUrl\":\"https:\/\/secure.gravatar.com\/avatar\/3cf516e7d2b3c688288c120cdc1768a3?s=96&d=mm&r=g\",\"caption\":\"DKS\"}}]}<\/script>\n<!-- \/ Yoast SEO plugin. -->","yoast_head_json":{"title":"\u00c9xito de la segunda edici\u00f3n de nuestro programa profesional marketing mobile y publicidad!! - DKS, tu centro de estudios especializado en internet","canonical":"https:\/\/dks.digital\/mx\/blog\/marketing\/exito-de-la-segunda-edicion-de-nuestro-programa-profesional-marketing-mobile-y-publicidad\/","og_locale":"es_ES","og_type":"article","og_title":"\u00c9xito de la segunda edici\u00f3n de nuestro programa profesional marketing mobile y publicidad!! - DKS, tu centro de estudios especializado en internet","og_description":"La segunda edici\u00f3n del programa profesional marketing mobile y publicidad acab\u00f3 con las presentaciones finales. Nuestros alumnos aplicaron todos los conocimientos aprendidos en un caso final que presentaron frente a un jurado de profesores.","og_url":"https:\/\/dks.digital\/mx\/blog\/marketing\/exito-de-la-segunda-edicion-de-nuestro-programa-profesional-marketing-mobile-y-publicidad\/","og_site_name":"DKS, tu centro de estudios especializado en internet","article_published_time":"2012-07-04T12:13:40+00:00","author":"DKS","twitter_card":"summary_large_image","schema":{"@context":"https:\/\/schema.org","@graph":[{"@type":"Article","@id":"https:\/\/dks.digital\/mx\/blog\/marketing\/exito-de-la-segunda-edicion-de-nuestro-programa-profesional-marketing-mobile-y-publicidad\/#article","isPartOf":{"@id":"https:\/\/dks.digital\/mx\/blog\/marketing\/exito-de-la-segunda-edicion-de-nuestro-programa-profesional-marketing-mobile-y-publicidad\/"},"author":{"name":"DKS","@id":"https:\/\/dks.digital\/mx\/#\/schema\/person\/6faf69c6ce843175d96680251a0d6723"},"headline":"\u00c9xito de la segunda edici\u00f3n de nuestro programa profesional marketing mobile y publicidad!!","datePublished":"2012-07-04T12:13:40+00:00","dateModified":"2012-07-04T12:13:40+00:00","mainEntityOfPage":{"@id":"https:\/\/dks.digital\/mx\/blog\/marketing\/exito-de-la-segunda-edicion-de-nuestro-programa-profesional-marketing-mobile-y-publicidad\/"},"wordCount":410,"publisher":{"@id":"https:\/\/dks.digital\/mx\/#organization"},"keywords":["DKS","marketing","marketing mobile","programa"],"articleSection":["Marketing"],"inLanguage":"es-MX"},{"@type":"WebPage","@id":"https:\/\/dks.digital\/mx\/blog\/marketing\/exito-de-la-segunda-edicion-de-nuestro-programa-profesional-marketing-mobile-y-publicidad\/","url":"https:\/\/dks.digital\/mx\/blog\/marketing\/exito-de-la-segunda-edicion-de-nuestro-programa-profesional-marketing-mobile-y-publicidad\/","name":"\u00c9xito de la segunda edici\u00f3n de nuestro programa profesional marketing mobile y publicidad!! - DKS, tu centro de estudios especializado en internet","isPartOf":{"@id":"https:\/\/dks.digital\/mx\/#website"},"datePublished":"2012-07-04T12:13:40+00:00","dateModified":"2012-07-04T12:13:40+00:00","inLanguage":"es-MX","potentialAction":[{"@type":"ReadAction","target":["https:\/\/dks.digital\/mx\/blog\/marketing\/exito-de-la-segunda-edicion-de-nuestro-programa-profesional-marketing-mobile-y-publicidad\/"]}]},{"@type":"WebSite","@id":"https:\/\/dks.digital\/mx\/#website","url":"https:\/\/dks.digital\/mx\/","name":"DKS, tu centro de estudios especializado en internet","description":"DKS, la escuela de los profesionales digitales desde hace m\u00e1s de 7 a\u00f1os","publisher":{"@id":"https:\/\/dks.digital\/mx\/#organization"},"potentialAction":[{"@type":"SearchAction","target":{"@type":"EntryPoint","urlTemplate":"https:\/\/dks.digital\/mx\/?s={search_term_string}"},"query-input":"required name=search_term_string"}],"inLanguage":"es-MX"},{"@type":"Organization","@id":"https:\/\/dks.digital\/mx\/#organization","name":"DKS, tu centro de estudios especializado en internet","url":"https:\/\/dks.digital\/mx\/","logo":{"@type":"ImageObject","inLanguage":"es-MX","@id":"https:\/\/dks.digital\/mx\/#\/schema\/logo\/image\/","url":"https:\/\/dks.digital\/wp-content\/uploads\/2025\/12\/cropped-cropped-favicon-ks.jpg","contentUrl":"https:\/\/dks.digital\/wp-content\/uploads\/2025\/12\/cropped-cropped-favicon-ks.jpg","width":512,"height":512,"caption":"DKS, tu centro de estudios especializado en internet"},"image":{"@id":"https:\/\/dks.digital\/mx\/#\/schema\/logo\/image\/"}},{"@type":"Person","@id":"https:\/\/dks.digital\/mx\/#\/schema\/person\/6faf69c6ce843175d96680251a0d6723","name":"DKS","image":{"@type":"ImageObject","inLanguage":"es-MX","@id":"https:\/\/dks.digital\/mx\/#\/schema\/person\/image\/","url":"https:\/\/secure.gravatar.com\/avatar\/3cf516e7d2b3c688288c120cdc1768a3?s=96&d=mm&r=g","contentUrl":"https:\/\/secure.gravatar.com\/avatar\/3cf516e7d2b3c688288c120cdc1768a3?s=96&d=mm&r=g","caption":"DKS"}}]}},"_links":{"self":[{"href":"https:\/\/dks.digital\/mx\/wp-json\/wp\/v2\/posts\/83255"}],"collection":[{"href":"https:\/\/dks.digital\/mx\/wp-json\/wp\/v2\/posts"}],"about":[{"href":"https:\/\/dks.digital\/mx\/wp-json\/wp\/v2\/types\/post"}],"author":[{"embeddable":true,"href":"https:\/\/dks.digital\/mx\/wp-json\/wp\/v2\/users\/19"}],"replies":[{"embeddable":true,"href":"https:\/\/dks.digital\/mx\/wp-json\/wp\/v2\/comments?post=83255"}],"version-history":[{"count":0,"href":"https:\/\/dks.digital\/mx\/wp-json\/wp\/v2\/posts\/83255\/revisions"}],"wp:attachment":[{"href":"https:\/\/dks.digital\/mx\/wp-json\/wp\/v2\/media?parent=83255"}],"wp:term":[{"taxonomy":"category","embeddable":true,"href":"https:\/\/dks.digital\/mx\/wp-json\/wp\/v2\/categories?post=83255"},{"taxonomy":"post_tag","embeddable":true,"href":"https:\/\/dks.digital\/mx\/wp-json\/wp\/v2\/tags?post=83255"}],"curies":[{"name":"wp","href":"https:\/\/api.w.org\/{rel}","templated":true}]}}