{"id":83232,"date":"2015-10-21T11:13:07","date_gmt":"2015-10-21T11:13:07","guid":{"rendered":"https:\/\/dks.digital\/blog\/sin-categoria\/la-experiencia-de-un-user-experience\/"},"modified":"2015-10-21T11:13:07","modified_gmt":"2015-10-21T11:13:07","slug":"la-experiencia-de-un-user-experience","status":"publish","type":"post","link":"https:\/\/dks.digital\/mx\/blog\/usabilidad-ux\/la-experiencia-de-un-user-experience\/","title":{"rendered":"La experiencia de un UX"},"content":{"rendered":"<p><strong>Hoy rescatamos las palabras de Alejandro\u00a0Rodr\u00edguez\u00a0Garc\u00eda\u00a0,\u00a0alumno reci\u00e9n diplomado del <\/strong><a href=\"https:\/\/dks.digital\/cursos\/master-de-ux-usabilidad-y-experiencia-de-usuario-en-madrid\" target=\"_blank\" rel=\"noopener noreferrer\">M\u00e1ster de UX<\/a><strong> .<\/strong><strong>En su blog @demoderapaz realiza un\u00a0an\u00e1lisis\u00a0exhaustivo de su paso por DKS.<\/strong><\/p>\n<p>Hace poco termin\u00e9 con \u00e9xito el M\u00e1ster de UX en DKS.<\/p>\n<p>Sin entrar en el dinero que he tenido que invertir; 17 fines de semana y 17 d\u00edas de mis vacaciones me tuve que fumar, 20.060 km recorridos en 238 horas de autob\u00fas A Coru\u00f1a\u200a\u2014\u200aMadrid, y ni recuerdo cu\u00e1ntas horas dedicadas al proyecto\u2026Hace poco termin\u00e9 con \u00e9xito el Master de UX en DKS.<\/p>\n<p>\u00bfPodr\u00eda poner entonces\u00a0dise\u00f1ador<em> UX<\/em> en mi perfil de Linkedin?<\/p>\n<p>Si, pero\u2026 \u00bfsabes qu\u00e9?<\/p>\n<p>No lo voy a hacer.<\/p>\n<p><strong>\u00bfEntonces, cual es el sentido de todo esto?<\/strong><\/p>\n<p>Cada uno de esos fines de semana asist\u00ed a horas de formaci\u00f3n de cosas que me apasionan; cada kil\u00f3metro que recorr\u00ed, lo hice leyendo libros que me permitieron multiplicar por 3 lo que estaba aprendiendo (para ser sincero alguna serie tambi\u00e9n me ha dado tiempo a ver\u00a0:). Se me han planteado retos a los que no estaba acostumbrado a enfrentarme.<\/p>\n<p>Abandon\u00e9 mi circulo de confort y pas\u00e9 por momentos de alegr\u00eda, desesperaci\u00f3n, aburrimiento\u2026y no s\u00e9 ni cu\u00e1ntas veces me pregunt\u00e9 \u00bfvaldr\u00e1 la pena el precio que estoy pagando?, \u00bfvaldr\u00e1 la pena el precio que est\u00e1n pagando mi mujer y mis hijos?(abandonando el discurso melodram\u00e1tico que ya me est\u00e1 aburriendo\u2026), \u00bfvaldr\u00e1 la pena el precio que est\u00e1 pagando el equipo de baloncesto de la empresa, que ha perdido a su mejor jugador? (No, ni de lejos soy el mejor; es m\u00e1s, han ganado m\u00e1s partidos que nunca mientras yo no estaba)<\/p>\n<p>Me apetece m\u00e1s contar lo que aprend\u00ed durante el m\u00e1ster con cada uno de los profesores.<\/p>\n<p>Coordinado por\u00a0<strong>Luis Calder\u00f3n<\/strong>(Uxd en El Confidencial) y\u00a0<strong>Luz de Le\u00f3n<\/strong> (Diga 33!),yo de mayor quiero saber todo lo que sabe Luis, y es m\u00e1s joven que yo el maldito; y tener la cuarta parte de experiencia en batalla de la que tiene Luz.<\/p>\n<p>El primer d\u00eda de aterrizaje nos cogieron como a pollitos y nos contaron de qu\u00e9 iba el cuento; acto seguido ala, a currar, \u201cesto es un papel y esto un l\u00e1piz, as\u00ed que a darle ca\u00f1a!\u201d. A partir de ah\u00ed\u2026<\/p>\n<p><strong>Fases del dise\u00f1o de UX y t\u00e9rminos t\u00e9cnicos<\/strong><\/p>\n<p><em>Ivo Serrano\u200a\u2014\u200a@ivoserrano (Dise\u00f1ador UX Televisi\u00f3 de Catalunya: TV3)<\/em><\/p>\n<p>M\u00e1quina multidisciplinar que tuvo el papel\u00f3n de presentarnos lo que es UX con sus procesos, m\u00e9todos y entregables en una sola sesi\u00f3n \u00bfy sabes qu\u00e9? lo consigui\u00f3. A\u00fan recurro a su presentaci\u00f3n cuando quiero ver algo del proceso. MI CONCLUSI\u00d3N: Todo lo que hab\u00eda le\u00eddo antes de entrar en el Master no cay\u00f3 en saco roto, todo lo que has dicho me suena, esto va a ser exactamente lo que estaba buscando.<\/p>\n<p><strong>Workshop con el cliente<\/strong><\/p>\n<p><em>Alfonso Morcuende\u200a\u2014\u200a@NoamMorrissey<\/em><\/p>\n<p>Este t\u00edo sabe mucho y alguna que otra batalla tambi\u00e9n ha librado. Conocemos los objetivos, conocemos a los usuarios y a partir de aqu\u00ed podemos empezar a trabajar; hasta que tengamos esta informaci\u00f3n mejor quedarse quietecitos. M\u00e9todos Sarezac y home run sprint cycle. Clase te\u00f3rico\/pr\u00e1ctica con metodolog\u00eda muy aplicable en el d\u00eda a d\u00eda. FRASE: \u201cJodido est\u00e1s si quieres dedicarte a esto y no sabes ingl\u00e9s\u201d Toma nota.<\/p>\n<p><strong>Toma de briefing<\/strong><\/p>\n<p><em>M\u00f3nica Darbonnes\u200a\u2014\u200aDirectora Creativa<\/em><\/p>\n<p>Pregunta y repregunta y aseg\u00farate de lo que espera tu cliente para poder hacer lo que necesita<em>. <\/em>Ha compartido m\u00e9todos de toma de brief y aderezados con an\u00e9cdotas y experiencias que le han dado trabajar en agencias de primer nivel. REFLEXI\u00d3N PERSONAL: Aprendo m\u00e1s de una experiencia contada en el momento adecuado por la persona adecuada; a esa informaci\u00f3n accedes pocas veces, los libros siempre est\u00e1n ah\u00ed para consultarlos.<\/p>\n<p><strong>Research (Investigaci\u00f3n)<\/strong><\/p>\n<p><em>Torres Burriel. Director de UX Learn<\/em><\/p>\n<p>Fin de semana completito sobre Investigaci\u00f3n, m\u00e9todos de investigaci\u00f3n existentes, c\u00f3mo y cuando recurrir a cada uno de ellos para conocer al usuario \u00bfQu\u00e9 ser\u00eda del ux sin investigaci\u00f3n? Efectivamente, dise\u00f1o visual aquemola\u2019s way. Liso y llano, categ\u00f3rico y natural; UX de provincia (aunque realiza gran parte de su trabajo en Madrid), con un discurso diferente al que hab\u00eda escuchado hasta ese d\u00eda y, quiz\u00e1s por ser yo de provincia, m\u00e1s cercano. REFLEXI\u00d3N PERSONAL: Este hombre en una din\u00e1mica de workshop de 30 min. ha descubierto en m\u00ed virtudes que yo intu\u00eda tener y no se le han caido los anillos en reconocerlas. El que un profesional como el las haya verbalizado en p\u00fablico me dio fuerzas para continuar luchando.<\/p>\n<p>Hay gente con la que he trabajado mano a mano durante a\u00f1os y, o no han querido buscarlas, o se han preocupado en ocultarlas. (Tiro una piedra al aire y al que le d\u00e9 que me perdone).<\/p>\n<p><strong>Prototipado<\/strong><\/p>\n<p><em>Natxo Alonso. Investigador en DETEDUCA<\/em><\/p>\n<p>Exploramos soluciones f\u00edsicas como b\u00fasqueda de resoluci\u00f3n de problemas. Din\u00e1micas de Gamestorming, las manos piensan y si las pones en predisposici\u00f3n a que piensen, pensar\u00e1n mejor y m\u00e1s r\u00e1pido. REFLEXI\u00d3N PERSONAL: Una idea que escribes en un papel estar\u00e1 siempre presente, y no se olvidar\u00e1 con el siguiente pensamiento. Si la pegas en una pared, estar\u00e1 siempre visible. Si adem\u00e1s de eso, la puedes mover, estar\u00e1s jugando con las ideas, agilizando la b\u00fasqueda de soluciones.<\/p>\n<p><strong>Estrategia<\/strong><\/p>\n<p><em>Cesar Astudillo. Socio Director en Desingit Madrid<\/em><\/p>\n<p>Solo un par de apuntes\u2026 se justifica el precio del m\u00e1ster con solo una ponencia como la suya (venga va, exagero un poco; s\u00ed es caro s\u00ed). Presentaci\u00f3n a pelo, \u00e9l con un rotulador y el encerado; sin proyectores ni presentaciones. Lo despedimos puestos en pie y aplaudiendo (cuando le obligaron a salir, que ya pasaban 40 minutos de la hora de salida). MegaCrack!<\/p>\n<p><strong>Arquitectura de la informaci\u00f3n<\/strong><\/p>\n<p><em>Pilar de Ter\u00e1n. Consultora UX en Medios Digitales<\/em><\/p>\n<p>Algo tan sencillo como \u201corganizar la informaci\u00f3n para que la gente sea capaz de encontrarla\u201d que a la vez contiene tantos entresijos. Exploramos todos y cada uno de ellos durante un completito fin de semana sobre la materia. \u00bfcu\u00e1les son las tareas de un arquitecto de la informaci\u00f3n? \u00bffindability? \u00bfcomo organizamos todo esto? \u00bfmodelos mentales?\u2026 aderezado con una interesante sesi\u00f3n de card-sorting.<\/p>\n<p><strong>SEO<\/strong><\/p>\n<p><em>Dani Pinillos. CEO en Seovision<\/em><\/p>\n<p>M\u00e1s madera para la caldera, menudo m\u00e1quina. Preocupado por no ser capaz de transmitirnos en una sesi\u00f3n todo el conocimiento que ha sido capaz de aprender durante toda su carrera profesional. \u00bfAprendimos SEO? Sin duda; de todos modos me queda la sensaci\u00f3n de que es un mundo tan amplio que necesita dedicaci\u00f3n plena y exclusiva para obtener resultados satisfactorios. REFLEXI\u00d3N: \u201cDe nada vale esforzarse en atraer tr\u00e1fico a tu sitio, si una vez dentro no eres capaz de hacer que tu sitio convierta. Esfuerzo primero en conversi\u00f3n y luego en SEO o SEM\u201d<\/p>\n<p><strong>Anal\u00edtica para UX<\/strong><\/p>\n<p><em>Ana Sopl\u00f3n. Analista Web en Sanitas<\/em><\/p>\n<p>Aprendimos c\u00f3mo saber si nuestro trabajo est\u00e1 funcionando o no. Una vez aprendimos a establecer objetivos del sitio, es importante saber si los estamos consiguiendo o no. Definir KPI, y hacer las preguntas adecuadas para obtener las respuestas que nos interesa saber. Otro mundo en el que merece la pena profundizar. REFLEXI\u00d3N: Hasta este punto necesit\u00e9 d\u00edas de 48 horas, estoy empezando a necesitar d\u00edas de 72\u2026<\/p>\n<p><strong>Storytelling<\/strong><\/p>\n<p><em>Ana \u00c1lvarez Cufari\u00a0. <\/em>Directora Creativa \/ Copywriter especializada en Branding y estrategia en Redes Sociales<\/p>\n<p>Aprendemos c\u00f3mo y cuando utilizar esta t\u00e9cnica en UX. Experiencia a raudales y casos de uso muy interesantes. Empezamos la clase con un \u201cErase una vez\u2026\u201d y acabamos conoci\u00e9ndonos todos un poco m\u00e1s, consiguiendo altas dosis de empat\u00eda \u00bfSer\u00e1 para eso lo del storytelling\u00a0;)?<\/p>\n<p><strong>Dise\u00f1o de Interacci\u00f3n<\/strong><\/p>\n<p><em>\u00c1lvaro Varona. Dise\u00f1o de Producto GRUPO SM<\/em><\/p>\n<p>De esto ten\u00eda mucho rodado, le\u00eddo, trabajado\u2026 nunca est\u00e1 de m\u00e1s repasar y nunca se sabe lo suficiente de nada. Adem\u00e1s si puedes compartir experiencias con gente del gremio siempre resulta interesante. M\u00e1s experiencias, m\u00e1s puntos de vista,\u2026 siempre aprendes algo nuevo o asientas algo que ya sab\u00edas.<\/p>\n<p><strong>Dise\u00f1o Visual<\/strong><\/p>\n<p><em>\u00c1lvaro Varona. Dise\u00f1o de Producto GRUPO SM<\/em><\/p>\n<p>A \u00c1lvaro le toc\u00f3 lidiar con una clase con bestias del dise\u00f1o visual (directores de arte de importantes agencias incluidos) curtidos en mil batallas. Le toc\u00f3, por el perfil de los alumnos, bailar con la m\u00e1s fea y aun as\u00ed sali\u00f3 con nota. Debatimos, expusimos, charlamos\u2026 aprendimos al fin y al cabo.<\/p>\n<p><strong>Responsive<\/strong><\/p>\n<p><em>Joseba Alonso y Francis. Refr3sh<\/em><\/p>\n<p>2&#215;1. Coreograf\u00eda de cracks que nos ense\u00f1aron todo lo referente al multidispositivo tanto a nivel t\u00e9cnico como a nivel visual.<\/p>\n<p><strong>Axure<\/strong><\/p>\n<p><strong><em>Luz de Leon &#8211; Directora Creativa, Socia Fundadora Diga33 S.L.<\/em><\/strong><\/p>\n<p>Fin de semana revelador y altamente exigente. Controlar una herramienta de prototipado al nivel al que profundizamos en Axure es alcanzar otro nivel como trabajador, aunque no deja de ser una de tantas herramientas.<\/p>\n<p><strong>Proyectos<\/strong><\/p>\n<p><em>Christopher Grant\u200a\u2014\u200aUx Lead at King<\/em><\/p>\n<p>La experiencia en el mundo UX elevada a la m\u00e1xima potencia. Nos cont\u00f3 su d\u00eda a d\u00eda, su visi\u00f3n\u2026 cada punto que trat\u00f3 lo hizo con un porqu\u00e9 que quer\u00eda hacernos llegar.<\/p>\n<p>Su clase supuso un antes y un despu\u00e9s en mi visi\u00f3n de la profesi\u00f3n UX y en c\u00f3mo deber\u00eda convivir con el resto de entes de la empresa. Sin m\u00e1s\u2026 Grande!<\/p>\n<p><strong>Psicolog\u00eda aplicada al UX<\/strong><\/p>\n<p><em>Carm\u00e9n Hevia\u200a\u2014\u200aCustomer Experience Designer en Gameloft<\/em><\/p>\n<p>Lleg\u00f3 del mundo del juego para ponernos las pilas en la aplicaci\u00f3n de t\u00e9cnicas de motivaci\u00f3n para aplicarlas a la experiencia de usuario.<\/p>\n<p>Formaci\u00f3n, trucos, experiencias\u2026 Empat\u00eda, simpat\u00eda y cercan\u00eda en una tremenda profesional (y todo lo que sabe, oiga!)<\/p>\n<p><strong>T\u00e9cnicas de presentaci\u00f3n<\/strong><\/p>\n<p><em>M\u00f3nica Darbonnes\u200a\u2014\u200aDirectora Creativa<\/em><\/p>\n<p>De esta sesi\u00f3n no voy a contar nada, prefiero no desvelar las cosas que nos cont\u00f3 ni las din\u00e1micas que hicimos en ella. Todo interesante y revelador, pero prefiero mantener el factor sorpresa que seguro que es parte del sistema pedag\u00f3gico. Grande M\u00f3nica!<\/p>\n<p>Workshop y Talleres Visual Thinking.<\/p>\n<p><em>Pablo Ramirez\u200a\u2014\u200aCEO en sinpalabras.<\/em><\/p>\n<p>Clase magistral del uso de la imagen para entender, descubrir y comunicar. Megacrack de la infograf\u00eda con un bagaje envidiable.<\/p>\n<p><strong>Tecnolog\u00eda<\/strong><\/p>\n<p><em>Gede\u00f3n Dominguez y Jaime Serrano Cloud District<\/em><\/p>\n<p>Escenificaci\u00f3n del proceso Ux como trabajo en equipo. M\u00e1quinas de la comunicaci\u00f3n y el conocimiento de todos y cada uno de los procesos de trabajo.<\/p>\n<p>Toma de decisiones en base a la capacidades y condicionantes que nos ofrece la tecnolog\u00eda. Conocimos las tecnolog\u00edas existentes para tomar las decisiones adecuadas en cada una de las diferentes dudas que nos surgen. REFLEXI\u00d3N PERSONAL: No puedes hacerlo tu solo, necesitas rodearte de gente con tu grado de esfuerzo e ilusi\u00f3n, que controlen la parte que a ti se te escapa. La uni\u00f3n hace la fuerza.<\/p>\n<p><strong>Visualizaci\u00f3n de datos<\/strong><\/p>\n<p>Sergio de la Casa.\u00a0<em>CEO y Responsable de UX en Unexpendables<\/em><\/p>\n<p>Esta me la fum\u00e9. No sin dolor y muchas horas en la toma de decisi\u00f3n, pero el contrapeso era mi familia de caravana en un camping en R\u00edas Baixas y el primer campeonato de f\u00fatbol en el que participaba mi hijo de 5 a\u00f1os (llegu\u00e9 como Tom Hawks al partido de baseball de su hijo en las pelis, palmaron todos los partidos pero mereci\u00f3 la pena).<\/p>\n<p>Reforc\u00e9 lo que ya sab\u00eda con un curso de lynda y lectura. A d\u00eda de hoy no me arrepiento, lo primero es lo primero y el resto viene despu\u00e9s.<\/p>\n<p><strong>Gesti\u00f3n de proyectos<\/strong><\/p>\n<p><em>Luz de Le\u00f3n\u200a\u2014\u200aDirectora Creativa, Socia Fundadora Diga33 S.L.<\/em><\/p>\n<p>Como afrontar un proyecto de principio a fin y no morir (m\u00e1s de lo necesario) de un ataque de nervios. Exploramos todas las fases que debemos tener en cuenta a la hora de valorar un proyecto. Desde la cuantificaci\u00f3n de tiempos y esfuerzos a la hora de elaborar un presupuesto hasta la gesti\u00f3n posterior a la entrega, pasando por el control para que no se desv\u00ede el proceso de los m\u00e1rgenes que ten\u00edamos contemplados.<\/p>\n<p><strong>Proyectos<\/strong><\/p>\n<p><em>Mario Sanchez\u200a\u2014\u200aDirector Creativo &amp; Experiencia de usuario en Redbility<\/em><\/p>\n<p>Toma bola extra! Genial sesi\u00f3n in-situ de Mario Sanchez en Redbility present\u00e1ndonos los entresijos de la vida de un proyecto en su empresa. \u00bfC\u00f3mo gestionan un proyecto?\u00bfQuienes participan? Acto de generosidad al compartir con nosotros las conclusiones a las que han llegado tras a\u00f1os de ensayo-error en la gesti\u00f3n de proyectos. Orgullo que alguien como \u00e9l nos haya dado tanta informaci\u00f3n y m\u00e1s que nos hubiera dado si hubiese tenido m\u00e1s tiempo. Crack!<\/p>\n<p><strong>Portfolio UX<\/strong><\/p>\n<p><em>Helena Sierra\u200a\u2014\u200aUX Proyect Manager at Rumbo<\/em><\/p>\n<p>\u00bfY por qu\u00e9 todos los que hacen entrevistas no son como ella? (si eres un futuro entrevistador para m\u00ed no te preocupes, seguro que me molas m\u00e1s tu) Coherencia, sabidur\u00eda, buenos consejos y adem\u00e1s, buena gente. Cansada de ver error tras error en la gente a la que entrevista, se preocup\u00f3 en transmitirnos qu\u00e9 es lo que se espera de alguien que se pone delante de ella para postularse por un puesto de trabajo en UX.<\/p>\n<p><strong>Trabajo de Fin de Master<\/strong><\/p>\n<p><em>Coordinado por Luis Calder\u00f3n y Luz de Le\u00f3n<\/em><\/p>\n<p>Horas, horas, horas y m\u00e1s horas. Subes el list\u00f3n hasta donde puedas subirlo, y siempre va a estar Luis para decirte que a\u00fan lo puedes subir un poco m\u00e1s y por donde podr\u00edas mejorarlo (me mola).<\/p>\n<p>No desvelo m\u00e1s sobre la tem\u00e1tica, pero los proyectos dan margen de trabajo para aplicar todas y cada una de las cosas que se van tratando a lo largo del M\u00e1ster.<\/p>\n<p><strong>Esto es solo una parte de lo que supone formarte en DKS, pero si quieres saber lo que ha significado el <a href=\"https:\/\/dks.digital\/cursos\/master-de-ux-usabilidad-y-experiencia-de-usuario-en-madrid\" target=\"_blank\" rel=\"noopener noreferrer\">M\u00e1ster de UX <\/a>en la vida de @dermoderapaz, entra en su <a href=\"https:\/\/medium.com\/@demoderapaz\/el-precio-de-pulsar-dos-teclas-d6b03e70a2f6#.rhtp89p4e\">blog\u00a0<\/a><\/strong><\/p>\n<p style=\"text-align: center;\"><strong>\u00a0<\/strong><\/p>\n<p>&nbsp;<\/p>\n<p>&nbsp;<\/p>\n","protected":false},"excerpt":{"rendered":"<p>Hoy rescatamos las palabras de Alejandro Rodr\u00edguez Garc\u00eda , alumno reci\u00e9n diplomado del M\u00e1ster de UX.<\/p>\n<p>En su blog @demoderapaz realiza un an\u00e1lisis exhaustivo de su paso por DKS.<\/p>\n","protected":false},"author":19,"featured_media":0,"comment_status":"closed","ping_status":"open","sticky":false,"template":"","format":"standard","meta":{"_acf_changed":false,"footnotes":""},"categories":[416],"tags":[588,586,529,530,589,431],"acf":[],"yoast_head":"<!-- This site is optimized with the Yoast SEO plugin v22.5 - https:\/\/yoast.com\/wordpress\/plugins\/seo\/ -->\n<title>La experiencia de un UX - DKS, tu centro de estudios especializado en internet<\/title>\n<link rel=\"canonical\" href=\"https:\/\/dks.digital\/mx\/blog\/usabilidad-ux\/la-experiencia-de-un-user-experience\/\" \/>\n<meta property=\"og:locale\" content=\"es_ES\" \/>\n<meta property=\"og:type\" content=\"article\" \/>\n<meta property=\"og:title\" content=\"La experiencia de un UX - DKS, tu centro de estudios especializado en internet\" \/>\n<meta property=\"og:description\" content=\"Hoy rescatamos las palabras de Alejandro Rodr\u00edguez Garc\u00eda , alumno reci\u00e9n diplomado del M\u00e1ster de UX. En su blog @demoderapaz realiza un an\u00e1lisis exhaustivo de su paso por DKS.\" \/>\n<meta property=\"og:url\" content=\"https:\/\/dks.digital\/mx\/blog\/usabilidad-ux\/la-experiencia-de-un-user-experience\/\" \/>\n<meta property=\"og:site_name\" content=\"DKS, tu centro de estudios especializado en internet\" \/>\n<meta property=\"article:published_time\" content=\"2015-10-21T11:13:07+00:00\" \/>\n<meta name=\"author\" content=\"DKS\" \/>\n<meta name=\"twitter:card\" content=\"summary_large_image\" \/>\n<script type=\"application\/ld+json\" class=\"yoast-schema-graph\">{\"@context\":\"https:\/\/schema.org\",\"@graph\":[{\"@type\":\"Article\",\"@id\":\"https:\/\/dks.digital\/mx\/blog\/usabilidad-ux\/la-experiencia-de-un-user-experience\/#article\",\"isPartOf\":{\"@id\":\"https:\/\/dks.digital\/mx\/blog\/usabilidad-ux\/la-experiencia-de-un-user-experience\/\"},\"author\":{\"name\":\"DKS\",\"@id\":\"https:\/\/dks.digital\/mx\/#\/schema\/person\/6faf69c6ce843175d96680251a0d6723\"},\"headline\":\"La experiencia de un UX\",\"datePublished\":\"2015-10-21T11:13:07+00:00\",\"dateModified\":\"2015-10-21T11:13:07+00:00\",\"mainEntityOfPage\":{\"@id\":\"https:\/\/dks.digital\/mx\/blog\/usabilidad-ux\/la-experiencia-de-un-user-experience\/\"},\"wordCount\":2422,\"publisher\":{\"@id\":\"https:\/\/dks.digital\/mx\/#organization\"},\"keywords\":[\"master en usabilidad\",\"master ux\",\"usabilidad\",\"usabilidad y experiencia de usuario\",\"user experience\",\"ux\"],\"articleSection\":[\"Usabilidad UX\"],\"inLanguage\":\"es-MX\"},{\"@type\":\"WebPage\",\"@id\":\"https:\/\/dks.digital\/mx\/blog\/usabilidad-ux\/la-experiencia-de-un-user-experience\/\",\"url\":\"https:\/\/dks.digital\/mx\/blog\/usabilidad-ux\/la-experiencia-de-un-user-experience\/\",\"name\":\"La experiencia de un UX - DKS, tu centro de estudios especializado en internet\",\"isPartOf\":{\"@id\":\"https:\/\/dks.digital\/mx\/#website\"},\"datePublished\":\"2015-10-21T11:13:07+00:00\",\"dateModified\":\"2015-10-21T11:13:07+00:00\",\"inLanguage\":\"es-MX\",\"potentialAction\":[{\"@type\":\"ReadAction\",\"target\":[\"https:\/\/dks.digital\/mx\/blog\/usabilidad-ux\/la-experiencia-de-un-user-experience\/\"]}]},{\"@type\":\"WebSite\",\"@id\":\"https:\/\/dks.digital\/mx\/#website\",\"url\":\"https:\/\/dks.digital\/mx\/\",\"name\":\"DKS, tu centro de estudios especializado en internet\",\"description\":\"DKS, la escuela de los profesionales digitales desde hace m\u00e1s de 7 a\u00f1os\",\"publisher\":{\"@id\":\"https:\/\/dks.digital\/mx\/#organization\"},\"potentialAction\":[{\"@type\":\"SearchAction\",\"target\":{\"@type\":\"EntryPoint\",\"urlTemplate\":\"https:\/\/dks.digital\/mx\/?s={search_term_string}\"},\"query-input\":\"required name=search_term_string\"}],\"inLanguage\":\"es-MX\"},{\"@type\":\"Organization\",\"@id\":\"https:\/\/dks.digital\/mx\/#organization\",\"name\":\"DKS, tu centro de estudios especializado en internet\",\"url\":\"https:\/\/dks.digital\/mx\/\",\"logo\":{\"@type\":\"ImageObject\",\"inLanguage\":\"es-MX\",\"@id\":\"https:\/\/dks.digital\/mx\/#\/schema\/logo\/image\/\",\"url\":\"https:\/\/dks.digital\/wp-content\/uploads\/2025\/12\/cropped-cropped-favicon-ks.jpg\",\"contentUrl\":\"https:\/\/dks.digital\/wp-content\/uploads\/2025\/12\/cropped-cropped-favicon-ks.jpg\",\"width\":512,\"height\":512,\"caption\":\"DKS, tu centro de estudios especializado en internet\"},\"image\":{\"@id\":\"https:\/\/dks.digital\/mx\/#\/schema\/logo\/image\/\"}},{\"@type\":\"Person\",\"@id\":\"https:\/\/dks.digital\/mx\/#\/schema\/person\/6faf69c6ce843175d96680251a0d6723\",\"name\":\"DKS\",\"image\":{\"@type\":\"ImageObject\",\"inLanguage\":\"es-MX\",\"@id\":\"https:\/\/dks.digital\/mx\/#\/schema\/person\/image\/\",\"url\":\"https:\/\/secure.gravatar.com\/avatar\/3cf516e7d2b3c688288c120cdc1768a3?s=96&d=mm&r=g\",\"contentUrl\":\"https:\/\/secure.gravatar.com\/avatar\/3cf516e7d2b3c688288c120cdc1768a3?s=96&d=mm&r=g\",\"caption\":\"DKS\"}}]}<\/script>\n<!-- \/ Yoast SEO plugin. -->","yoast_head_json":{"title":"La experiencia de un UX - DKS, tu centro de estudios especializado en internet","canonical":"https:\/\/dks.digital\/mx\/blog\/usabilidad-ux\/la-experiencia-de-un-user-experience\/","og_locale":"es_ES","og_type":"article","og_title":"La experiencia de un UX - DKS, tu centro de estudios especializado en internet","og_description":"Hoy rescatamos las palabras de Alejandro Rodr\u00edguez Garc\u00eda , alumno reci\u00e9n diplomado del M\u00e1ster de UX. En su blog @demoderapaz realiza un an\u00e1lisis exhaustivo de su paso por DKS.","og_url":"https:\/\/dks.digital\/mx\/blog\/usabilidad-ux\/la-experiencia-de-un-user-experience\/","og_site_name":"DKS, tu centro de estudios especializado en internet","article_published_time":"2015-10-21T11:13:07+00:00","author":"DKS","twitter_card":"summary_large_image","schema":{"@context":"https:\/\/schema.org","@graph":[{"@type":"Article","@id":"https:\/\/dks.digital\/mx\/blog\/usabilidad-ux\/la-experiencia-de-un-user-experience\/#article","isPartOf":{"@id":"https:\/\/dks.digital\/mx\/blog\/usabilidad-ux\/la-experiencia-de-un-user-experience\/"},"author":{"name":"DKS","@id":"https:\/\/dks.digital\/mx\/#\/schema\/person\/6faf69c6ce843175d96680251a0d6723"},"headline":"La experiencia de un UX","datePublished":"2015-10-21T11:13:07+00:00","dateModified":"2015-10-21T11:13:07+00:00","mainEntityOfPage":{"@id":"https:\/\/dks.digital\/mx\/blog\/usabilidad-ux\/la-experiencia-de-un-user-experience\/"},"wordCount":2422,"publisher":{"@id":"https:\/\/dks.digital\/mx\/#organization"},"keywords":["master en usabilidad","master ux","usabilidad","usabilidad y experiencia de usuario","user experience","ux"],"articleSection":["Usabilidad UX"],"inLanguage":"es-MX"},{"@type":"WebPage","@id":"https:\/\/dks.digital\/mx\/blog\/usabilidad-ux\/la-experiencia-de-un-user-experience\/","url":"https:\/\/dks.digital\/mx\/blog\/usabilidad-ux\/la-experiencia-de-un-user-experience\/","name":"La experiencia de un UX - DKS, tu centro de estudios especializado en internet","isPartOf":{"@id":"https:\/\/dks.digital\/mx\/#website"},"datePublished":"2015-10-21T11:13:07+00:00","dateModified":"2015-10-21T11:13:07+00:00","inLanguage":"es-MX","potentialAction":[{"@type":"ReadAction","target":["https:\/\/dks.digital\/mx\/blog\/usabilidad-ux\/la-experiencia-de-un-user-experience\/"]}]},{"@type":"WebSite","@id":"https:\/\/dks.digital\/mx\/#website","url":"https:\/\/dks.digital\/mx\/","name":"DKS, tu centro de estudios especializado en internet","description":"DKS, la escuela de los profesionales digitales desde hace m\u00e1s de 7 a\u00f1os","publisher":{"@id":"https:\/\/dks.digital\/mx\/#organization"},"potentialAction":[{"@type":"SearchAction","target":{"@type":"EntryPoint","urlTemplate":"https:\/\/dks.digital\/mx\/?s={search_term_string}"},"query-input":"required name=search_term_string"}],"inLanguage":"es-MX"},{"@type":"Organization","@id":"https:\/\/dks.digital\/mx\/#organization","name":"DKS, tu centro de estudios especializado en internet","url":"https:\/\/dks.digital\/mx\/","logo":{"@type":"ImageObject","inLanguage":"es-MX","@id":"https:\/\/dks.digital\/mx\/#\/schema\/logo\/image\/","url":"https:\/\/dks.digital\/wp-content\/uploads\/2025\/12\/cropped-cropped-favicon-ks.jpg","contentUrl":"https:\/\/dks.digital\/wp-content\/uploads\/2025\/12\/cropped-cropped-favicon-ks.jpg","width":512,"height":512,"caption":"DKS, tu centro de estudios especializado en internet"},"image":{"@id":"https:\/\/dks.digital\/mx\/#\/schema\/logo\/image\/"}},{"@type":"Person","@id":"https:\/\/dks.digital\/mx\/#\/schema\/person\/6faf69c6ce843175d96680251a0d6723","name":"DKS","image":{"@type":"ImageObject","inLanguage":"es-MX","@id":"https:\/\/dks.digital\/mx\/#\/schema\/person\/image\/","url":"https:\/\/secure.gravatar.com\/avatar\/3cf516e7d2b3c688288c120cdc1768a3?s=96&d=mm&r=g","contentUrl":"https:\/\/secure.gravatar.com\/avatar\/3cf516e7d2b3c688288c120cdc1768a3?s=96&d=mm&r=g","caption":"DKS"}}]}},"_links":{"self":[{"href":"https:\/\/dks.digital\/mx\/wp-json\/wp\/v2\/posts\/83232"}],"collection":[{"href":"https:\/\/dks.digital\/mx\/wp-json\/wp\/v2\/posts"}],"about":[{"href":"https:\/\/dks.digital\/mx\/wp-json\/wp\/v2\/types\/post"}],"author":[{"embeddable":true,"href":"https:\/\/dks.digital\/mx\/wp-json\/wp\/v2\/users\/19"}],"replies":[{"embeddable":true,"href":"https:\/\/dks.digital\/mx\/wp-json\/wp\/v2\/comments?post=83232"}],"version-history":[{"count":0,"href":"https:\/\/dks.digital\/mx\/wp-json\/wp\/v2\/posts\/83232\/revisions"}],"wp:attachment":[{"href":"https:\/\/dks.digital\/mx\/wp-json\/wp\/v2\/media?parent=83232"}],"wp:term":[{"taxonomy":"category","embeddable":true,"href":"https:\/\/dks.digital\/mx\/wp-json\/wp\/v2\/categories?post=83232"},{"taxonomy":"post_tag","embeddable":true,"href":"https:\/\/dks.digital\/mx\/wp-json\/wp\/v2\/tags?post=83232"}],"curies":[{"name":"wp","href":"https:\/\/api.w.org\/{rel}","templated":true}]}}