{"id":83208,"date":"2016-03-01T08:00:56","date_gmt":"2016-03-01T08:00:56","guid":{"rendered":"https:\/\/dks.digital\/blog\/sin-categoria\/entrevistapilardeteran\/"},"modified":"2016-03-01T08:00:56","modified_gmt":"2016-03-01T08:00:56","slug":"entrevistapilardeteran","status":"publish","type":"post","link":"https:\/\/dks.digital\/mx\/blog\/usabilidad-ux\/entrevistapilardeteran\/","title":{"rendered":"Entrevistamos a la coordinadora del M\u00e1ster de UX, Pilar de Ter\u00e1n"},"content":{"rendered":"<p>Pilar de Ter\u00e1n\u00a0es consultora con m\u00e1s de 16 a\u00f1os de experiencia en el campo de la UX en medios digitales y es la coordinadora\u00a0de nuestro <a href=\"https:\/\/dks.digital\/cursos\/master-de-ux-usabilidad-y-experiencia-de-usuario-en-madrid\/\">M\u00e1ster de UX<\/a>.<\/p>\n<p>Hemos querido entrevistarla para que la conozc\u00e1is un poco m\u00e1s y que nos cuente desde el punto de vista de profesional y docente su experiencia en DKS.<\/p>\n<p><strong>\u00bfPor qu\u00e9 decidiste venir a impartir formaci\u00f3n en el <a href=\"https:\/\/dks.digital\/mx\/maestria\/maestria-ux-ui\/\">M\u00e1ster de UX<\/a> de DKS?<\/strong><\/p>\n<p>Un amigo m\u00edo \u00c1lvaro Varona, ya era profe en el m\u00e1ster y me anim\u00f3 a dar la clase de Arquitectura de la Informaci\u00f3n que en ese momento estaba hu\u00e9rfana.<\/p>\n<p><strong>En un par de l\u00edneas, com\u00e9ntanos qu\u00e9 opinas de DKS<\/strong><\/p>\n<p>DKS es una escuela muy orientada hacia las necesidades del mundo laboral.<\/p>\n<p>El modelo de clase magistral y el nivel de los profesores que tenemos aportan much\u00edsimo valor ya que podemos hablar en primera persona de lo que se hace en el mundo real.<\/p>\n<p><strong>A modo global, \u00bfCu\u00e1l es el nivel de los alumnos que se matriculan en el M\u00e1ster de UX?<\/strong><\/p>\n<p>Creo que los alumnos salen con un nivel alt\u00edsimo. La verdad es que no conozco un master en UX tan especializado como este en el que se den tantas asignaturas espec\u00edficas de nuestro campo. En otros masters la UX es solo una parte dentro de un c\u00famulo de asignaturas m\u00e1s relacionadas con el marketing por lo general. En este es en el \u00fanico que realmente se habla de UX en profundidad.<\/p>\n<p><strong>\u00bfC\u00f3mo ves el M\u00e1ster de UX a nivel de contenidos?<\/strong><\/p>\n<p>Este master es un master duro, no es un master para tener una noci\u00f3n rapidita sobre el tema e irte a casa.<\/p>\n<p>En el master de Experiencia de usuario hacemos trabajar duro, y cada tema se trata en profundidad. El mejor ejemplo es la clase de Arquitectura de la Informaci\u00f3n, 10 horas hablando de AI da para conocer mucho. Adem\u00e1s intentamos siempre poner en pr\u00e1ctica lo aprendido.<\/p>\n<p>Aqu\u00ed tratamos no solo de ense\u00f1ar teor\u00eda sino de ense\u00f1ar c\u00f3mo aplicar esa teor\u00eda.<\/p>\n<p><strong>\u00bfQu\u00e9 es lo que m\u00e1s te gusta de nosotros?<\/strong><\/p>\n<p>La especializaci\u00f3n del m\u00e1ster. No conozco ning\u00fan otro tan especializado en Experiencia de Usuario.<\/p>\n<p><strong>Hay muchas escuelas que ofrecen formaciones en UX online. \u00bfQu\u00e9 opinas de la formaci\u00f3n presencial vs la formaci\u00f3n online?<\/strong><\/p>\n<p>La presencial siempre ayuda a conectar mejor con los alumnos, da juego a la conversaci\u00f3n y a veces es as\u00ed como se saca m\u00e1s partido a una clase.<\/p>\n<p>A mi me gustan las clases presenciales porque me encanta hablar J<\/p>\n<p>Suelo contar muchas an\u00e9cdotas de mi trabajo y comparto experiencias de los proyectos en los que he estado involucrada . Creo que as\u00ed los alumnos se\u00a0 hacen m\u00e1s a la idea de lo que hay en el mundo real y lo que pueden esperar una vez que salgan del master.<\/p>\n<p><strong>\u00bfQu\u00e9 opinas del nivel de preparaci\u00f3n y los conocimientos de los profesores que junto a ti, comparten el M\u00e1ster?<\/strong><\/p>\n<p>Buff, es que tenemos unos profesores de 10. No hay m\u00e1s que leer los nombres\u2026<\/p>\n<p>Profesionales de primera l\u00ednea y que tienen much\u00edsimo que aportar. Pero sobretodo lo que creo que es m\u00e1s interesante es que todos somos personas que trabajamos en UX. No solo somos profes, sino que estamos en el d\u00eda a d\u00eda y vamos creciendo como nuestros alumnos a la vez que avanzamos en el master.<\/p>\n<p><strong>\u00bfQu\u00e9 consejo le dar\u00edas a los alumnos que quieran comenzar el M\u00e1ster de UX?<\/strong><\/p>\n<p>\u00bfQu\u00e9 les voy a decir yo? Pues que ser UX es una de las profesiones m\u00e1s bonitas y din\u00e1micas que van a encontrar y que con este master van a poder consolidar unas bases para lanzarse al mundo laboral sin miedo.<\/p>\n<p><strong>\u00bfEn qu\u00e9 consiste el trabajo de un UX?<\/strong><\/p>\n<p>El UX es la persona que desde el punto de vista del usuario hace que las webs y los procesos sean f\u00e1ciles de usar y sobre todo que nos dejen con buen sabor de boca. Actualmente ya no se trata solo de que nuestro cliente compre en nuestro e commerce sino de que quiera volver y se sienta c\u00f3modo en nuestro site. Y ese es nuestro trabajo, investigar y adaptar lo que tenemos a las necesidades y capacidades de nuestro usuario.<\/p>\n<p><strong>\u00bfQu\u00e9 salidas profesionales tiene un UX?<\/strong><\/p>\n<p>Pues depende mucho de los estudios previos que tengas. La UX se puede aplicar a todos los campos donde tengamos a un humano interactuando con una m\u00e1quina. Puedes ser consultor UX , dise\u00f1ador UX, programador front UX, dedicarte a la investigaci\u00f3n UX, aplicar el UX al campo de la psicolog\u00eda\u2026<\/p>\n<p>Hay que tener en cuenta que nuestro trabajo cambia al ritmo que cambia la tecnolog\u00eda as\u00ed que de aqu\u00ed a un par de a\u00f1os, \u00a1qui\u00e9n sabe qu\u00e9 nos vamos a encontrar!<\/p>\n<p><strong>\u00bfQu\u00e9 opinas de las posibilidades que ofrece la bolsa de empleo y el plan de pr\u00e1cticas de DKS?<\/strong><\/p>\n<p>Siempre es importante tener ayuda en este sentido, al principio nos cuesta lanzarnos y si ese salto al vac\u00edo lo hacemos acompa\u00f1ados de la escuela, mejor. Creo que es la mejor manera de empezar a poner en pr\u00e1ctica lo aprendido y por lo que hablamos con los alumnos la bolsa de empleo funciona.<\/p>\n<p>\u00a1\u00a1Ojal\u00e1 se nos unan un mont\u00f3n de empresas para facilitar esa entrada al mercado laboral de nuestros alumnos!!<\/p>\n<p>Si quieres ser uno de esos alumnos a los que Pilar se refiere m\u00e1s arriba y quieres adentrarte en el mundo del UX y dedicarte a ello de forma profesional, nuestro <a href=\"https:\/\/dks.digital\/cursos\/master-de-ux-usabilidad-y-experiencia-de-usuario-en-madrid\/\">M\u00e1ster de UX\/UI<\/a> es la mejor opci\u00f3n para profesionalizarte y abrirte las puertas de un mercado que cada d\u00eda crece m\u00e1s y m\u00e1s.<\/p>\n","protected":false},"excerpt":{"rendered":"<p>Pilar de Ter\u00e1n\u00a0es consultora con m\u00e1s de 16 a\u00f1os de experiencia en el campo de la UX en medios digitales y es la coordinadora\u00a0de nuestro M\u00e1ster de UX. Hemos querido entrevistarla para que la conozc\u00e1is un poco m\u00e1s y que nos cuente desde el punto de vista de profesional y docente su experiencia en DKS. [&hellip;]<\/p>\n","protected":false},"author":19,"featured_media":0,"comment_status":"closed","ping_status":"closed","sticky":false,"template":"","format":"standard","meta":{"_acf_changed":false,"footnotes":""},"categories":[416],"tags":[458,547,487,431],"acf":[],"yoast_head":"<!-- This site is optimized with the Yoast SEO plugin v22.5 - https:\/\/yoast.com\/wordpress\/plugins\/seo\/ -->\n<title>Entrevistamos a la coordinadora del M\u00e1ster de UX, Pilar de Ter\u00e1n - DKS, tu centro de estudios especializado en internet<\/title>\n<link rel=\"canonical\" href=\"https:\/\/dks.digital\/mx\/blog\/usabilidad-ux\/entrevistapilardeteran\/\" \/>\n<meta property=\"og:locale\" content=\"es_ES\" \/>\n<meta property=\"og:type\" content=\"article\" \/>\n<meta property=\"og:title\" content=\"Entrevistamos a la coordinadora del M\u00e1ster de UX, Pilar de Ter\u00e1n - DKS, tu centro de estudios especializado en internet\" \/>\n<meta property=\"og:description\" content=\"Pilar de Ter\u00e1n\u00a0es consultora con m\u00e1s de 16 a\u00f1os de experiencia en el campo de la UX en medios digitales y es la coordinadora\u00a0de nuestro M\u00e1ster de UX. Hemos querido entrevistarla para que la conozc\u00e1is un poco m\u00e1s y que nos cuente desde el punto de vista de profesional y docente su experiencia en DKS. [&hellip;]\" \/>\n<meta property=\"og:url\" content=\"https:\/\/dks.digital\/mx\/blog\/usabilidad-ux\/entrevistapilardeteran\/\" \/>\n<meta property=\"og:site_name\" content=\"DKS, tu centro de estudios especializado en internet\" \/>\n<meta property=\"article:published_time\" content=\"2016-03-01T08:00:56+00:00\" \/>\n<meta name=\"author\" content=\"DKS\" \/>\n<meta name=\"twitter:card\" content=\"summary_large_image\" \/>\n<script type=\"application\/ld+json\" class=\"yoast-schema-graph\">{\"@context\":\"https:\/\/schema.org\",\"@graph\":[{\"@type\":\"Article\",\"@id\":\"https:\/\/dks.digital\/mx\/blog\/usabilidad-ux\/entrevistapilardeteran\/#article\",\"isPartOf\":{\"@id\":\"https:\/\/dks.digital\/mx\/blog\/usabilidad-ux\/entrevistapilardeteran\/\"},\"author\":{\"name\":\"DKS\",\"@id\":\"https:\/\/dks.digital\/mx\/#\/schema\/person\/6faf69c6ce843175d96680251a0d6723\"},\"headline\":\"Entrevistamos a la coordinadora del M\u00e1ster de UX, Pilar de Ter\u00e1n\",\"datePublished\":\"2016-03-01T08:00:56+00:00\",\"dateModified\":\"2016-03-01T08:00:56+00:00\",\"mainEntityOfPage\":{\"@id\":\"https:\/\/dks.digital\/mx\/blog\/usabilidad-ux\/entrevistapilardeteran\/\"},\"wordCount\":1011,\"publisher\":{\"@id\":\"https:\/\/dks.digital\/mx\/#organization\"},\"keywords\":[\"DKS\",\"entrevista\",\"master de ux\",\"ux\"],\"articleSection\":[\"Usabilidad UX\"],\"inLanguage\":\"es-MX\"},{\"@type\":\"WebPage\",\"@id\":\"https:\/\/dks.digital\/mx\/blog\/usabilidad-ux\/entrevistapilardeteran\/\",\"url\":\"https:\/\/dks.digital\/mx\/blog\/usabilidad-ux\/entrevistapilardeteran\/\",\"name\":\"Entrevistamos a la coordinadora del M\u00e1ster de UX, Pilar de Ter\u00e1n - DKS, tu centro de estudios especializado en internet\",\"isPartOf\":{\"@id\":\"https:\/\/dks.digital\/mx\/#website\"},\"datePublished\":\"2016-03-01T08:00:56+00:00\",\"dateModified\":\"2016-03-01T08:00:56+00:00\",\"inLanguage\":\"es-MX\",\"potentialAction\":[{\"@type\":\"ReadAction\",\"target\":[\"https:\/\/dks.digital\/mx\/blog\/usabilidad-ux\/entrevistapilardeteran\/\"]}]},{\"@type\":\"WebSite\",\"@id\":\"https:\/\/dks.digital\/mx\/#website\",\"url\":\"https:\/\/dks.digital\/mx\/\",\"name\":\"DKS, tu centro de estudios especializado en internet\",\"description\":\"DKS, la escuela de los profesionales digitales desde hace m\u00e1s de 7 a\u00f1os\",\"publisher\":{\"@id\":\"https:\/\/dks.digital\/mx\/#organization\"},\"potentialAction\":[{\"@type\":\"SearchAction\",\"target\":{\"@type\":\"EntryPoint\",\"urlTemplate\":\"https:\/\/dks.digital\/mx\/?s={search_term_string}\"},\"query-input\":\"required name=search_term_string\"}],\"inLanguage\":\"es-MX\"},{\"@type\":\"Organization\",\"@id\":\"https:\/\/dks.digital\/mx\/#organization\",\"name\":\"DKS, tu centro de estudios especializado en internet\",\"url\":\"https:\/\/dks.digital\/mx\/\",\"logo\":{\"@type\":\"ImageObject\",\"inLanguage\":\"es-MX\",\"@id\":\"https:\/\/dks.digital\/mx\/#\/schema\/logo\/image\/\",\"url\":\"https:\/\/dks.digital\/wp-content\/uploads\/2025\/12\/cropped-cropped-favicon-ks.jpg\",\"contentUrl\":\"https:\/\/dks.digital\/wp-content\/uploads\/2025\/12\/cropped-cropped-favicon-ks.jpg\",\"width\":512,\"height\":512,\"caption\":\"DKS, tu centro de estudios especializado en internet\"},\"image\":{\"@id\":\"https:\/\/dks.digital\/mx\/#\/schema\/logo\/image\/\"}},{\"@type\":\"Person\",\"@id\":\"https:\/\/dks.digital\/mx\/#\/schema\/person\/6faf69c6ce843175d96680251a0d6723\",\"name\":\"DKS\",\"image\":{\"@type\":\"ImageObject\",\"inLanguage\":\"es-MX\",\"@id\":\"https:\/\/dks.digital\/mx\/#\/schema\/person\/image\/\",\"url\":\"https:\/\/secure.gravatar.com\/avatar\/3cf516e7d2b3c688288c120cdc1768a3?s=96&d=mm&r=g\",\"contentUrl\":\"https:\/\/secure.gravatar.com\/avatar\/3cf516e7d2b3c688288c120cdc1768a3?s=96&d=mm&r=g\",\"caption\":\"DKS\"}}]}<\/script>\n<!-- \/ Yoast SEO plugin. -->","yoast_head_json":{"title":"Entrevistamos a la coordinadora del M\u00e1ster de UX, Pilar de Ter\u00e1n - DKS, tu centro de estudios especializado en internet","canonical":"https:\/\/dks.digital\/mx\/blog\/usabilidad-ux\/entrevistapilardeteran\/","og_locale":"es_ES","og_type":"article","og_title":"Entrevistamos a la coordinadora del M\u00e1ster de UX, Pilar de Ter\u00e1n - DKS, tu centro de estudios especializado en internet","og_description":"Pilar de Ter\u00e1n\u00a0es consultora con m\u00e1s de 16 a\u00f1os de experiencia en el campo de la UX en medios digitales y es la coordinadora\u00a0de nuestro M\u00e1ster de UX. Hemos querido entrevistarla para que la conozc\u00e1is un poco m\u00e1s y que nos cuente desde el punto de vista de profesional y docente su experiencia en DKS. [&hellip;]","og_url":"https:\/\/dks.digital\/mx\/blog\/usabilidad-ux\/entrevistapilardeteran\/","og_site_name":"DKS, tu centro de estudios especializado en internet","article_published_time":"2016-03-01T08:00:56+00:00","author":"DKS","twitter_card":"summary_large_image","schema":{"@context":"https:\/\/schema.org","@graph":[{"@type":"Article","@id":"https:\/\/dks.digital\/mx\/blog\/usabilidad-ux\/entrevistapilardeteran\/#article","isPartOf":{"@id":"https:\/\/dks.digital\/mx\/blog\/usabilidad-ux\/entrevistapilardeteran\/"},"author":{"name":"DKS","@id":"https:\/\/dks.digital\/mx\/#\/schema\/person\/6faf69c6ce843175d96680251a0d6723"},"headline":"Entrevistamos a la coordinadora del M\u00e1ster de UX, Pilar de Ter\u00e1n","datePublished":"2016-03-01T08:00:56+00:00","dateModified":"2016-03-01T08:00:56+00:00","mainEntityOfPage":{"@id":"https:\/\/dks.digital\/mx\/blog\/usabilidad-ux\/entrevistapilardeteran\/"},"wordCount":1011,"publisher":{"@id":"https:\/\/dks.digital\/mx\/#organization"},"keywords":["DKS","entrevista","master de ux","ux"],"articleSection":["Usabilidad UX"],"inLanguage":"es-MX"},{"@type":"WebPage","@id":"https:\/\/dks.digital\/mx\/blog\/usabilidad-ux\/entrevistapilardeteran\/","url":"https:\/\/dks.digital\/mx\/blog\/usabilidad-ux\/entrevistapilardeteran\/","name":"Entrevistamos a la coordinadora del M\u00e1ster de UX, Pilar de Ter\u00e1n - DKS, tu centro de estudios especializado en internet","isPartOf":{"@id":"https:\/\/dks.digital\/mx\/#website"},"datePublished":"2016-03-01T08:00:56+00:00","dateModified":"2016-03-01T08:00:56+00:00","inLanguage":"es-MX","potentialAction":[{"@type":"ReadAction","target":["https:\/\/dks.digital\/mx\/blog\/usabilidad-ux\/entrevistapilardeteran\/"]}]},{"@type":"WebSite","@id":"https:\/\/dks.digital\/mx\/#website","url":"https:\/\/dks.digital\/mx\/","name":"DKS, tu centro de estudios especializado en internet","description":"DKS, la escuela de los profesionales digitales desde hace m\u00e1s de 7 a\u00f1os","publisher":{"@id":"https:\/\/dks.digital\/mx\/#organization"},"potentialAction":[{"@type":"SearchAction","target":{"@type":"EntryPoint","urlTemplate":"https:\/\/dks.digital\/mx\/?s={search_term_string}"},"query-input":"required name=search_term_string"}],"inLanguage":"es-MX"},{"@type":"Organization","@id":"https:\/\/dks.digital\/mx\/#organization","name":"DKS, tu centro de estudios especializado en internet","url":"https:\/\/dks.digital\/mx\/","logo":{"@type":"ImageObject","inLanguage":"es-MX","@id":"https:\/\/dks.digital\/mx\/#\/schema\/logo\/image\/","url":"https:\/\/dks.digital\/wp-content\/uploads\/2025\/12\/cropped-cropped-favicon-ks.jpg","contentUrl":"https:\/\/dks.digital\/wp-content\/uploads\/2025\/12\/cropped-cropped-favicon-ks.jpg","width":512,"height":512,"caption":"DKS, tu centro de estudios especializado en internet"},"image":{"@id":"https:\/\/dks.digital\/mx\/#\/schema\/logo\/image\/"}},{"@type":"Person","@id":"https:\/\/dks.digital\/mx\/#\/schema\/person\/6faf69c6ce843175d96680251a0d6723","name":"DKS","image":{"@type":"ImageObject","inLanguage":"es-MX","@id":"https:\/\/dks.digital\/mx\/#\/schema\/person\/image\/","url":"https:\/\/secure.gravatar.com\/avatar\/3cf516e7d2b3c688288c120cdc1768a3?s=96&d=mm&r=g","contentUrl":"https:\/\/secure.gravatar.com\/avatar\/3cf516e7d2b3c688288c120cdc1768a3?s=96&d=mm&r=g","caption":"DKS"}}]}},"_links":{"self":[{"href":"https:\/\/dks.digital\/mx\/wp-json\/wp\/v2\/posts\/83208"}],"collection":[{"href":"https:\/\/dks.digital\/mx\/wp-json\/wp\/v2\/posts"}],"about":[{"href":"https:\/\/dks.digital\/mx\/wp-json\/wp\/v2\/types\/post"}],"author":[{"embeddable":true,"href":"https:\/\/dks.digital\/mx\/wp-json\/wp\/v2\/users\/19"}],"replies":[{"embeddable":true,"href":"https:\/\/dks.digital\/mx\/wp-json\/wp\/v2\/comments?post=83208"}],"version-history":[{"count":0,"href":"https:\/\/dks.digital\/mx\/wp-json\/wp\/v2\/posts\/83208\/revisions"}],"wp:attachment":[{"href":"https:\/\/dks.digital\/mx\/wp-json\/wp\/v2\/media?parent=83208"}],"wp:term":[{"taxonomy":"category","embeddable":true,"href":"https:\/\/dks.digital\/mx\/wp-json\/wp\/v2\/categories?post=83208"},{"taxonomy":"post_tag","embeddable":true,"href":"https:\/\/dks.digital\/mx\/wp-json\/wp\/v2\/tags?post=83208"}],"curies":[{"name":"wp","href":"https:\/\/api.w.org\/{rel}","templated":true}]}}