{"id":83096,"date":"2021-05-24T13:39:29","date_gmt":"2021-05-24T11:39:29","guid":{"rendered":"https:\/\/dks.digital\/blog\/sin-categoria\/destacar-en-linkedin-como-puedo-llamar-la-atencion-en-mi-perfil\/"},"modified":"2021-05-24T13:39:29","modified_gmt":"2021-05-24T11:39:29","slug":"destacar-en-linkedin-como-puedo-llamar-la-atencion-en-mi-perfil","status":"publish","type":"post","link":"https:\/\/dks.digital\/mx\/blog\/marketing\/destacar-en-linkedin-como-puedo-llamar-la-atencion-en-mi-perfil\/","title":{"rendered":"Destacar en Linkedin, \u00bfc\u00f3mo puedo llamar la atenci\u00f3n en mi perfil?"},"content":{"rendered":"<p>Las Redes Sociales en la actualidad se utilizan para poner en contacto a unas personas con otras de una forma sencilla y r\u00e1pida. Estas innovaciones tambi\u00e9n han llegado al mundo de las contrataciones de empresas, por lo que ya no basta con tener un curr\u00edculo muy elaborado en papel. Ahora, lo que importa es saber hacer llegar esos logros a las personas que est\u00e1n contratando de la manera correcta.<a href=\"https:\/\/www.linkedin.com\/\"> Linkedin<\/a> es una buena herramienta para ello, seguro que alguna vez te has preguntado \u00bfc\u00f3mo puedo destacar en Linkedin? Te mostramos algunas <strong>claves<\/strong> para conseguirlo.<\/p>\n<h2>Claves para destacar en Linkedin<\/h2>\n<p>Para conseguir destacar tu perfil en Linkedin puedes realizar <strong>varias acciones<\/strong>. No solo basta con crearte una cuenta y subir tu trayectoria profesional, hay aspectos que debes tener en cuenta para lograr un buen posicionamiento.<\/p>\n<ul>\n<li><strong>Una buena imagen<\/strong><\/li>\n<\/ul>\n<p>Ofrecer una buena imagen es esencial en cualquier proceso de contrataci\u00f3n, tambi\u00e9n en la red. Por este motivo deber\u00e1s ser especialmente cuidadoso con la fotograf\u00eda que elijes. Nada mejor que seleccionar <strong>una con un toque profesional<\/strong>, con el enfoque correcto, un fondo neutro o relacionado con tu \u00e1mbito profesional, no olvides sonre\u00edr y lograr un encuadre adecuado.<\/p>\n<p>En Linkedin, adem\u00e1s de la foto de perfil, tambi\u00e9n puede modificarse la foto de portada. Por defecto, la p\u00e1gina cuenta con algunos temas predeterminados. Si lo que quieres es verdaderamente destacar, dec\u00e1ntate por una <strong>imagen relacionada con tu trabajo<\/strong>, que sea profesional y que vaya acorde contigo.<\/p>\n<ul>\n<li><strong>Personalizar tu URL<\/strong><\/li>\n<\/ul>\n<p>Linkedin asigna a cada uno de sus usuarios una URL autom\u00e1tica, pero \u00bfsab\u00edas que se puede personalizar? Tan solo deber\u00e1s entrar en tu perfil y en la parte de arriba a la derecha, justo debajo de tu nombre podr\u00e1s personalizarla. Un consejo: <strong>usa solo tu nombre y apellidos<\/strong>, eliminando todos los signos que puedan aparecer para que se posicione mucho mejor.<\/p>\n<ul>\n<li><strong>Sobre ti<\/strong><\/li>\n<\/ul>\n<p>Debes crear un buen resumen sobre ti, que sea <strong>profesional, pero cercano<\/strong>.\u00a0 Puedes usar palabras clave para posicionarte y conseguir que tu perfil sea m\u00e1s visible. En este extracto destaca tus logros, los temas que te apasionan a nivel profesional y resalta tus valores.<\/p>\n<ul>\n<li><strong>\u00bfC\u00f3mo te defines?<\/strong><\/li>\n<\/ul>\n<p>El t\u00edtulo profesional que incluyas en tu perfil es muy importante, este ser\u00e1 tu <strong>carta de presentaci\u00f3n y tu definici\u00f3n profesional<\/strong>. No tiene por qu\u00e9 coincidir con tu cargo en la empresa en la que te encuentras. Deber\u00e1s mandar un mensaje personal sobre ti a las personas que est\u00e1n contratando.<\/p>\n<ul>\n<li><strong>Recomendaciones<\/strong><\/li>\n<\/ul>\n<p>Cada d\u00eda m\u00e1s, a la hora de elegir algo nos guiamos por las opiniones y experiencias de otras personas. En el mundo laboral, las recomendaciones no son menos. Contar con un apartado en el que puedas mostrar <strong>c\u00f3mo otras personas han percibido tu carrera profesional<\/strong> o c\u00f3mo te recomienda tras realizar trabajos es un plus que debes mostrar. No te cortes y solicita a tus compa\u00f1eros que dejen una rese\u00f1a en tu perfil.<\/p>\n<ul>\n<li><strong>Contenido multimedia<\/strong><\/li>\n<\/ul>\n<p>Lo mejor de esta red es que puedes a\u00f1adir todos aquellos recursos que necesites sin las limitaciones que ofrece el papel. Incluye en tu perfil contenido multimedia con enlaces a tus proyectos, tu blog, entrevistas que hayas realizado, tu porfolio\u2026<\/p>\n<ul>\n<li><strong>No olvides tu curr\u00edculo<\/strong><\/li>\n<\/ul>\n<p>Es la parte m\u00e1s importante de tu perfil. Debemos mostrar tu <strong>experiencia profesional, acad\u00e9mica y todas aquellas aptitudes y habilidades<\/strong> que tengas para realizar un determinado trabajo.<\/p>\n<p>En cuanto a la <strong>experiencia profesional<\/strong>, ser\u00e1 necesario que realices una descripci\u00f3n de cada una de ellas haciendo que estas tengan una estructura l\u00f3gica, adem\u00e1s de mostrar todas las habilidades y aptitudes adquiridas.<\/p>\n<p>En el <strong>\u00e1mbito acad\u00e9mico<\/strong> deber\u00e1s mostrar todas tus titulaciones o al menos aquellas que sean m\u00e1s destacables para tu perfil. Ten en cuenta que la mayor\u00eda de centros de formaci\u00f3n y Universidades cuentan con perfiles en esta red, por lo que podr\u00e1s aprovechar para vincularlos. En DKS contamos con un perfil, as\u00ed que si te has formado con nosotros, \u00a1no olvides incluirlo!<\/p>\n<ul>\n<li><strong>V\u00edas de contacto<\/strong><\/li>\n<\/ul>\n<p>Estas deben aparecer siempre en tu perfil, lo mejor es que puedas contar con varias como pueden ser el <strong>tel\u00e9fono y el correo electr\u00f3nico<\/strong>. En cuanto a este \u00faltimo, trata de que sea lo m\u00e1s profesional posible y en el que aparezcan tu nombre y apellidos. Tambi\u00e9n puedes incluir enlaces a otras redes sociales como Twitter o Instagram, si los usas de forma profesional.<\/p>\n<p>En nuestro <a href=\"https:\/\/dks.digital\/cursos\/master-en-tecnicas-de-marketing-digital-en-streaming\/\">M\u00e1ster de T\u00e9cnicas de Marketing Digital<\/a> incluimos algunas sesiones en las que aprender\u00e1s a manejar las principales redes sociales, no solo para poder trabajar de ello, si no tambi\u00e9n para destacar tu perfil en ellas. Si te interesa formarte con nosotros, puedes escribirnos a info@dks.digital<\/p>\n","protected":false},"excerpt":{"rendered":"<p>Las Redes Sociales en la actualidad se utilizan para poner en contacto a unas personas con otras de una forma sencilla y r\u00e1pida. Estas innovaciones tambi\u00e9n han llegado al mundo de las contrataciones de empresas, por lo que ya no basta con tener un curr\u00edculo muy elaborado en papel. Ahora, lo que importa es saber [&hellip;]<\/p>\n","protected":false},"author":19,"featured_media":83098,"comment_status":"closed","ping_status":"closed","sticky":false,"template":"","format":"standard","meta":{"_acf_changed":false,"footnotes":""},"categories":[414],"tags":[],"acf":[],"yoast_head":"<!-- This site is optimized with the Yoast SEO plugin v22.5 - https:\/\/yoast.com\/wordpress\/plugins\/seo\/ -->\n<title>Destacar en Linkedin, \u00bfc\u00f3mo puedo llamar la atenci\u00f3n en mi perfil? - DKS, tu centro de estudios especializado en internet<\/title>\n<link rel=\"canonical\" href=\"https:\/\/dks.digital\/mx\/blog\/marketing\/destacar-en-linkedin-como-puedo-llamar-la-atencion-en-mi-perfil\/\" \/>\n<meta property=\"og:locale\" content=\"es_ES\" \/>\n<meta property=\"og:type\" content=\"article\" \/>\n<meta property=\"og:title\" content=\"Destacar en Linkedin, \u00bfc\u00f3mo puedo llamar la atenci\u00f3n en mi perfil? - DKS, tu centro de estudios especializado en internet\" \/>\n<meta property=\"og:description\" content=\"Las Redes Sociales en la actualidad se utilizan para poner en contacto a unas personas con otras de una forma sencilla y r\u00e1pida. Estas innovaciones tambi\u00e9n han llegado al mundo de las contrataciones de empresas, por lo que ya no basta con tener un curr\u00edculo muy elaborado en papel. Ahora, lo que importa es saber [&hellip;]\" \/>\n<meta property=\"og:url\" content=\"https:\/\/dks.digital\/mx\/blog\/marketing\/destacar-en-linkedin-como-puedo-llamar-la-atencion-en-mi-perfil\/\" \/>\n<meta property=\"og:site_name\" content=\"DKS, tu centro de estudios especializado en internet\" \/>\n<meta property=\"article:published_time\" content=\"2021-05-24T11:39:29+00:00\" \/>\n<meta name=\"author\" content=\"DKS\" \/>\n<meta name=\"twitter:card\" content=\"summary_large_image\" \/>\n<script type=\"application\/ld+json\" class=\"yoast-schema-graph\">{\"@context\":\"https:\/\/schema.org\",\"@graph\":[{\"@type\":\"Article\",\"@id\":\"https:\/\/dks.digital\/mx\/blog\/marketing\/destacar-en-linkedin-como-puedo-llamar-la-atencion-en-mi-perfil\/#article\",\"isPartOf\":{\"@id\":\"https:\/\/dks.digital\/mx\/blog\/marketing\/destacar-en-linkedin-como-puedo-llamar-la-atencion-en-mi-perfil\/\"},\"author\":{\"name\":\"DKS\",\"@id\":\"https:\/\/dks.digital\/mx\/#\/schema\/person\/6faf69c6ce843175d96680251a0d6723\"},\"headline\":\"Destacar en Linkedin, \u00bfc\u00f3mo puedo llamar la atenci\u00f3n en mi perfil?\",\"datePublished\":\"2021-05-24T11:39:29+00:00\",\"dateModified\":\"2021-05-24T11:39:29+00:00\",\"mainEntityOfPage\":{\"@id\":\"https:\/\/dks.digital\/mx\/blog\/marketing\/destacar-en-linkedin-como-puedo-llamar-la-atencion-en-mi-perfil\/\"},\"wordCount\":828,\"publisher\":{\"@id\":\"https:\/\/dks.digital\/mx\/#organization\"},\"image\":{\"@id\":\"https:\/\/dks.digital\/mx\/blog\/marketing\/destacar-en-linkedin-como-puedo-llamar-la-atencion-en-mi-perfil\/#primaryimage\"},\"thumbnailUrl\":\"https:\/\/dks.digital\/wp-content\/uploads\/2021\/05\/tmon_linkedin_OK-1.jpg\",\"articleSection\":[\"Marketing\"],\"inLanguage\":\"es-MX\"},{\"@type\":\"WebPage\",\"@id\":\"https:\/\/dks.digital\/mx\/blog\/marketing\/destacar-en-linkedin-como-puedo-llamar-la-atencion-en-mi-perfil\/\",\"url\":\"https:\/\/dks.digital\/mx\/blog\/marketing\/destacar-en-linkedin-como-puedo-llamar-la-atencion-en-mi-perfil\/\",\"name\":\"Destacar en Linkedin, \u00bfc\u00f3mo puedo llamar la atenci\u00f3n en mi perfil? - DKS, tu centro de estudios especializado en internet\",\"isPartOf\":{\"@id\":\"https:\/\/dks.digital\/mx\/#website\"},\"primaryImageOfPage\":{\"@id\":\"https:\/\/dks.digital\/mx\/blog\/marketing\/destacar-en-linkedin-como-puedo-llamar-la-atencion-en-mi-perfil\/#primaryimage\"},\"image\":{\"@id\":\"https:\/\/dks.digital\/mx\/blog\/marketing\/destacar-en-linkedin-como-puedo-llamar-la-atencion-en-mi-perfil\/#primaryimage\"},\"thumbnailUrl\":\"https:\/\/dks.digital\/wp-content\/uploads\/2021\/05\/tmon_linkedin_OK-1.jpg\",\"datePublished\":\"2021-05-24T11:39:29+00:00\",\"dateModified\":\"2021-05-24T11:39:29+00:00\",\"inLanguage\":\"es-MX\",\"potentialAction\":[{\"@type\":\"ReadAction\",\"target\":[\"https:\/\/dks.digital\/mx\/blog\/marketing\/destacar-en-linkedin-como-puedo-llamar-la-atencion-en-mi-perfil\/\"]}]},{\"@type\":\"ImageObject\",\"inLanguage\":\"es-MX\",\"@id\":\"https:\/\/dks.digital\/mx\/blog\/marketing\/destacar-en-linkedin-como-puedo-llamar-la-atencion-en-mi-perfil\/#primaryimage\",\"url\":\"https:\/\/dks.digital\/wp-content\/uploads\/2021\/05\/tmon_linkedin_OK-1.jpg\",\"contentUrl\":\"https:\/\/dks.digital\/wp-content\/uploads\/2021\/05\/tmon_linkedin_OK-1.jpg\",\"width\":549,\"height\":385},{\"@type\":\"WebSite\",\"@id\":\"https:\/\/dks.digital\/mx\/#website\",\"url\":\"https:\/\/dks.digital\/mx\/\",\"name\":\"DKS, tu centro de estudios especializado en internet\",\"description\":\"DKS, la escuela de los profesionales digitales desde hace m\u00e1s de 7 a\u00f1os\",\"publisher\":{\"@id\":\"https:\/\/dks.digital\/mx\/#organization\"},\"potentialAction\":[{\"@type\":\"SearchAction\",\"target\":{\"@type\":\"EntryPoint\",\"urlTemplate\":\"https:\/\/dks.digital\/mx\/?s={search_term_string}\"},\"query-input\":\"required name=search_term_string\"}],\"inLanguage\":\"es-MX\"},{\"@type\":\"Organization\",\"@id\":\"https:\/\/dks.digital\/mx\/#organization\",\"name\":\"DKS, tu centro de estudios especializado en internet\",\"url\":\"https:\/\/dks.digital\/mx\/\",\"logo\":{\"@type\":\"ImageObject\",\"inLanguage\":\"es-MX\",\"@id\":\"https:\/\/dks.digital\/mx\/#\/schema\/logo\/image\/\",\"url\":\"https:\/\/dks.digital\/wp-content\/uploads\/2025\/12\/cropped-cropped-favicon-ks.jpg\",\"contentUrl\":\"https:\/\/dks.digital\/wp-content\/uploads\/2025\/12\/cropped-cropped-favicon-ks.jpg\",\"width\":512,\"height\":512,\"caption\":\"DKS, tu centro de estudios especializado en internet\"},\"image\":{\"@id\":\"https:\/\/dks.digital\/mx\/#\/schema\/logo\/image\/\"}},{\"@type\":\"Person\",\"@id\":\"https:\/\/dks.digital\/mx\/#\/schema\/person\/6faf69c6ce843175d96680251a0d6723\",\"name\":\"DKS\",\"image\":{\"@type\":\"ImageObject\",\"inLanguage\":\"es-MX\",\"@id\":\"https:\/\/dks.digital\/mx\/#\/schema\/person\/image\/\",\"url\":\"https:\/\/secure.gravatar.com\/avatar\/3cf516e7d2b3c688288c120cdc1768a3?s=96&d=mm&r=g\",\"contentUrl\":\"https:\/\/secure.gravatar.com\/avatar\/3cf516e7d2b3c688288c120cdc1768a3?s=96&d=mm&r=g\",\"caption\":\"DKS\"}}]}<\/script>\n<!-- \/ Yoast SEO plugin. -->","yoast_head_json":{"title":"Destacar en Linkedin, \u00bfc\u00f3mo puedo llamar la atenci\u00f3n en mi perfil? - DKS, tu centro de estudios especializado en internet","canonical":"https:\/\/dks.digital\/mx\/blog\/marketing\/destacar-en-linkedin-como-puedo-llamar-la-atencion-en-mi-perfil\/","og_locale":"es_ES","og_type":"article","og_title":"Destacar en Linkedin, \u00bfc\u00f3mo puedo llamar la atenci\u00f3n en mi perfil? - DKS, tu centro de estudios especializado en internet","og_description":"Las Redes Sociales en la actualidad se utilizan para poner en contacto a unas personas con otras de una forma sencilla y r\u00e1pida. Estas innovaciones tambi\u00e9n han llegado al mundo de las contrataciones de empresas, por lo que ya no basta con tener un curr\u00edculo muy elaborado en papel. Ahora, lo que importa es saber [&hellip;]","og_url":"https:\/\/dks.digital\/mx\/blog\/marketing\/destacar-en-linkedin-como-puedo-llamar-la-atencion-en-mi-perfil\/","og_site_name":"DKS, tu centro de estudios especializado en internet","article_published_time":"2021-05-24T11:39:29+00:00","author":"DKS","twitter_card":"summary_large_image","schema":{"@context":"https:\/\/schema.org","@graph":[{"@type":"Article","@id":"https:\/\/dks.digital\/mx\/blog\/marketing\/destacar-en-linkedin-como-puedo-llamar-la-atencion-en-mi-perfil\/#article","isPartOf":{"@id":"https:\/\/dks.digital\/mx\/blog\/marketing\/destacar-en-linkedin-como-puedo-llamar-la-atencion-en-mi-perfil\/"},"author":{"name":"DKS","@id":"https:\/\/dks.digital\/mx\/#\/schema\/person\/6faf69c6ce843175d96680251a0d6723"},"headline":"Destacar en Linkedin, \u00bfc\u00f3mo puedo llamar la atenci\u00f3n en mi perfil?","datePublished":"2021-05-24T11:39:29+00:00","dateModified":"2021-05-24T11:39:29+00:00","mainEntityOfPage":{"@id":"https:\/\/dks.digital\/mx\/blog\/marketing\/destacar-en-linkedin-como-puedo-llamar-la-atencion-en-mi-perfil\/"},"wordCount":828,"publisher":{"@id":"https:\/\/dks.digital\/mx\/#organization"},"image":{"@id":"https:\/\/dks.digital\/mx\/blog\/marketing\/destacar-en-linkedin-como-puedo-llamar-la-atencion-en-mi-perfil\/#primaryimage"},"thumbnailUrl":"https:\/\/dks.digital\/wp-content\/uploads\/2021\/05\/tmon_linkedin_OK-1.jpg","articleSection":["Marketing"],"inLanguage":"es-MX"},{"@type":"WebPage","@id":"https:\/\/dks.digital\/mx\/blog\/marketing\/destacar-en-linkedin-como-puedo-llamar-la-atencion-en-mi-perfil\/","url":"https:\/\/dks.digital\/mx\/blog\/marketing\/destacar-en-linkedin-como-puedo-llamar-la-atencion-en-mi-perfil\/","name":"Destacar en Linkedin, \u00bfc\u00f3mo puedo llamar la atenci\u00f3n en mi perfil? - DKS, tu centro de estudios especializado en internet","isPartOf":{"@id":"https:\/\/dks.digital\/mx\/#website"},"primaryImageOfPage":{"@id":"https:\/\/dks.digital\/mx\/blog\/marketing\/destacar-en-linkedin-como-puedo-llamar-la-atencion-en-mi-perfil\/#primaryimage"},"image":{"@id":"https:\/\/dks.digital\/mx\/blog\/marketing\/destacar-en-linkedin-como-puedo-llamar-la-atencion-en-mi-perfil\/#primaryimage"},"thumbnailUrl":"https:\/\/dks.digital\/wp-content\/uploads\/2021\/05\/tmon_linkedin_OK-1.jpg","datePublished":"2021-05-24T11:39:29+00:00","dateModified":"2021-05-24T11:39:29+00:00","inLanguage":"es-MX","potentialAction":[{"@type":"ReadAction","target":["https:\/\/dks.digital\/mx\/blog\/marketing\/destacar-en-linkedin-como-puedo-llamar-la-atencion-en-mi-perfil\/"]}]},{"@type":"ImageObject","inLanguage":"es-MX","@id":"https:\/\/dks.digital\/mx\/blog\/marketing\/destacar-en-linkedin-como-puedo-llamar-la-atencion-en-mi-perfil\/#primaryimage","url":"https:\/\/dks.digital\/wp-content\/uploads\/2021\/05\/tmon_linkedin_OK-1.jpg","contentUrl":"https:\/\/dks.digital\/wp-content\/uploads\/2021\/05\/tmon_linkedin_OK-1.jpg","width":549,"height":385},{"@type":"WebSite","@id":"https:\/\/dks.digital\/mx\/#website","url":"https:\/\/dks.digital\/mx\/","name":"DKS, tu centro de estudios especializado en internet","description":"DKS, la escuela de los profesionales digitales desde hace m\u00e1s de 7 a\u00f1os","publisher":{"@id":"https:\/\/dks.digital\/mx\/#organization"},"potentialAction":[{"@type":"SearchAction","target":{"@type":"EntryPoint","urlTemplate":"https:\/\/dks.digital\/mx\/?s={search_term_string}"},"query-input":"required name=search_term_string"}],"inLanguage":"es-MX"},{"@type":"Organization","@id":"https:\/\/dks.digital\/mx\/#organization","name":"DKS, tu centro de estudios especializado en internet","url":"https:\/\/dks.digital\/mx\/","logo":{"@type":"ImageObject","inLanguage":"es-MX","@id":"https:\/\/dks.digital\/mx\/#\/schema\/logo\/image\/","url":"https:\/\/dks.digital\/wp-content\/uploads\/2025\/12\/cropped-cropped-favicon-ks.jpg","contentUrl":"https:\/\/dks.digital\/wp-content\/uploads\/2025\/12\/cropped-cropped-favicon-ks.jpg","width":512,"height":512,"caption":"DKS, tu centro de estudios especializado en internet"},"image":{"@id":"https:\/\/dks.digital\/mx\/#\/schema\/logo\/image\/"}},{"@type":"Person","@id":"https:\/\/dks.digital\/mx\/#\/schema\/person\/6faf69c6ce843175d96680251a0d6723","name":"DKS","image":{"@type":"ImageObject","inLanguage":"es-MX","@id":"https:\/\/dks.digital\/mx\/#\/schema\/person\/image\/","url":"https:\/\/secure.gravatar.com\/avatar\/3cf516e7d2b3c688288c120cdc1768a3?s=96&d=mm&r=g","contentUrl":"https:\/\/secure.gravatar.com\/avatar\/3cf516e7d2b3c688288c120cdc1768a3?s=96&d=mm&r=g","caption":"DKS"}}]}},"_links":{"self":[{"href":"https:\/\/dks.digital\/mx\/wp-json\/wp\/v2\/posts\/83096"}],"collection":[{"href":"https:\/\/dks.digital\/mx\/wp-json\/wp\/v2\/posts"}],"about":[{"href":"https:\/\/dks.digital\/mx\/wp-json\/wp\/v2\/types\/post"}],"author":[{"embeddable":true,"href":"https:\/\/dks.digital\/mx\/wp-json\/wp\/v2\/users\/19"}],"replies":[{"embeddable":true,"href":"https:\/\/dks.digital\/mx\/wp-json\/wp\/v2\/comments?post=83096"}],"version-history":[{"count":0,"href":"https:\/\/dks.digital\/mx\/wp-json\/wp\/v2\/posts\/83096\/revisions"}],"wp:featuredmedia":[{"embeddable":true,"href":"https:\/\/dks.digital\/mx\/wp-json\/wp\/v2\/media\/83098"}],"wp:attachment":[{"href":"https:\/\/dks.digital\/mx\/wp-json\/wp\/v2\/media?parent=83096"}],"wp:term":[{"taxonomy":"category","embeddable":true,"href":"https:\/\/dks.digital\/mx\/wp-json\/wp\/v2\/categories?post=83096"},{"taxonomy":"post_tag","embeddable":true,"href":"https:\/\/dks.digital\/mx\/wp-json\/wp\/v2\/tags?post=83096"}],"curies":[{"name":"wp","href":"https:\/\/api.w.org\/{rel}","templated":true}]}}