{"id":82568,"date":"2025-11-13T11:00:00","date_gmt":"2025-11-13T10:00:00","guid":{"rendered":"https:\/\/dks.digital\/blog\/sin-categoria\/construye-tu-marca-personal-y-destaca-en-el-mercado-laboral-a-traves-del-personal-branding\/"},"modified":"2025-11-13T11:00:00","modified_gmt":"2025-11-13T10:00:00","slug":"construye-tu-marca-personal-y-destaca-en-el-mercado-laboral-a-traves-del-personal-branding","status":"publish","type":"post","link":"https:\/\/dks.digital\/mx\/blog\/marketing\/construye-tu-marca-personal-y-destaca-en-el-mercado-laboral-a-traves-del-personal-branding\/","title":{"rendered":"Construye tu marca personal y destaca en el mercado laboral a trav\u00e9s del personal branding"},"content":{"rendered":"<p>\u00bfQuieres destacar en el mercado laboral a trav\u00e9s de tu propia marca y se\u00f1a de identidad? Al igual que ocurre con las marcas, tambi\u00e9n puedes conseguir posicionarte ante tus competidores a trav\u00e9s del personal branding. Te contamos en qu\u00e9 consiste y c\u00f3mo puedes lograrlo.<\/p>\n<h2>\u00bfQu\u00e9 es el personal branding?<\/h2>\n<p>Cuando hablamos de personal branding nos referimos al proceso de gestionar de forma estrat\u00e9gica la percepci\u00f3n que otros tienen de tienen de tu identidad profesional. Es decir, se trata de ser capaz de comprender qui\u00e9n eres, qu\u00e9 aportas y c\u00f3mo quieres proyectarlo en tu entorno laboral. Por tanto, se trata de construir una marca que tenga un prop\u00f3sito, que est\u00e9 basada en tus valores, tu experiencia y en tu manera de comunicar. Tal y como han expresado referentes como <strong><a href=\"https:\/\/www.andresperezortega.com\/que-es\">Andr\u00e9s P\u00e9rez Ortega<\/a><\/strong>, considerado uno de los pioneros en introducir el concepto de marca personal como metodolog\u00eda aplicada al desarrollo profesional, o <strong>Neus Arqu\u00e9s<\/strong>, quien ha defendido la importancia de entender la marca personal como una narrativa coherente que se capaz de conectar con la trayectoria, el prop\u00f3sito y la reputaci\u00f3n de la persona.<\/p>\n<h2>\u00bfPor qu\u00e9 es crucial desarrollar tu marca personal hoy?<\/h2>\n<h3>Diferenciaci\u00f3n en un mercado competitivo<\/h3>\n<p>En la actualidad, podemos hablar de un entorno o mercado saturado de profesionales que cuentan con perfiles profesionales similares, por lo que si quieres destacar es necesario que puedas hacerlo mediante los <strong>atributos que te hacen \u00fanico<\/strong>. Es decir, aplicar el marketing a aquello que t\u00fa puedes aportar y que otros no ofrecen. Autores como <strong>Guillem Recolons<\/strong> han insistido en que la clave est\u00e1 en definir aquello que te hace valioso y transmitirlo de forma aut\u00e9ntica. Aunque es necesario que partas de la base de que la diferenciaci\u00f3n que hagas no debe ser forzada, sino que debe surgir de un ejercicio de autoconocimiento y coherencia.<\/p>\n<h3>Generaci\u00f3n de oportunidades y credibilidad profesional<\/h3>\n<p>Como ocurre con las marcas comerciales, si est\u00e1 cuidada y genera confianza, tu marca personal te abrir\u00e1 muchas puertas. Es decir, al <strong>preocuparte por tu identidad digital<\/strong> generar\u00e1s una mayor confianza y credibilidad, de esta forma es posible trabajar en nuevos proyectos profesionales y lograr\u00e1s posicionarte mejor en tu sector. Expertas como Eva Collado Dur\u00e1n destacan la importancia de humanizar la marca personal, mostrando no solo capacidades t\u00e9cnicas, sino tambi\u00e9n valores, estilo y manera de relacionarte con los dem\u00e1s. Solo de esta forma es posible crear una reputaci\u00f3n, y la reputaci\u00f3n genera oportunidades.<\/p>\n<h3>Autoridad y liderazgo en tu sector<\/h3>\n<p>Cuando tu marca personal est\u00e1 bien construida, te posiciona como referente, incluso aunque no seas la persona m\u00e1s veterana en tu \u00e1rea. Pero, \u00bfc\u00f3mo puedes convertirte en un referente? <strong>Arancha Ruiz<\/strong>, reconoce que quienes han demostrado que la autoridad no se impone y que <strong>se construye mediante consistencia, valor y claridad<\/strong>, logran mejores resultados a la hora de hacerlo. Si quieres destacar, se\u00f1ala la especialista en talento, ser\u00e1 necesario que seas capaz de profundizar en un tema, compartir los conocimientos que hayas adquirido y que ser capaz de mantener una presencia digital coherente con tu marca.<\/p>\n<h2>Pasos clave para construir una estrategia de personal branding efectiva<\/h2>\n<h3>Autoconocimiento: define tu esencia y propuesta de valor \u00fanica<\/h3>\n<p>Tal y como hemos indicado anteriormente, todo empieza con un autoconocimiento profundo. Es decir, ser\u00e1 necesario que seas capaz de identificar tus valores, fortalezas, talentos y competencias; lo que te hace \u00fanico frente a otros. En el \u00e1mbito del branding personal, <strong>\u00d3scar del Santo<\/strong> subraya la importancia de partir de una identidad aut\u00e9ntica para que la marca sea sostenible en el tiempo ya que cuando entiendes qu\u00e9 puedes aportar, definir tu posicionamiento es mucho m\u00e1s f\u00e1cil.<\/p>\n<h3>Establece tus objetivos: \u00bfqu\u00e9 quieres lograr con tu branding personal?<\/h3>\n<p>Tan importante como conocerte es establecer y tener clara las metas que quieres conseguir. Es decir, ser\u00e1 necesario que seas capaz de determinar tus objetivos para priorizar lo que es realmente importante, elegir los canales adecuados y medir los resultados obtenidos para comprender el impacto de tu estrategia.<\/p>\n<h3>Identifica a tu audiencia ideal<\/h3>\n<p>Debes tener muy presente que tu marca no es para todo el mundo. Dicho de otro modo, debes saber a qui\u00e9n dirigirte para poder adaptar el tono, el mensaje y el contenido de tu estrategia, algo que como defiende <strong>Laura Ferrera<\/strong>, debe tener como base a la audiencia. Es decir, para que tu marca sea efectiva esta debe construirse pensado en las necesidades de tu p\u00fablico, no solo en aquellos que quieres expresar.<\/p>\n<h3>Crea tu mensaje y narrativa (storytelling)<\/h3>\n<p>En este caso, la historia personal es la que tiene que aportar el valor a tu relato, por tanto no ser\u00e1n tan importantes los logros y su enumeraci\u00f3n, sino que primar\u00e1 la explicaci\u00f3n de qui\u00e9n eres, qu\u00e9 te mueve y qu\u00e9 aportas. Deber\u00e1s hacer un relato honesto y alineado con lo que haces cada d\u00eda, contado de forma aut\u00e9ntica para que llegue a tu p\u00fablico.<\/p>\n<h3>Elige tus canales: d\u00f3nde y c\u00f3mo comunicar tu marca personal<\/h3>\n<p>Seleccionar los canales adecuados es esencial. Aqu\u00ed entra en juego tanto la estrategia como la coherencia. <strong>Alex L\u00f3pez<\/strong>, especialista en social selling, ha insistido en el papel que juega cada canal y en c\u00f3mo el uso profesional de las redes permite crear una buena marca personal.<\/p>\n<p><span style=\"font-size: 1rem; font-style: normal; font-weight: 400; color: initial;\">        <section class=\"shortcode\">\r\n                      <picture class=\"shortcode__picture -backdrop\">\r\n                <!-- tatamiento vertical -->\r\n                <source media=\"(max-width: 768px)\" srcset=\"\/wp-content\/uploads\/2023\/03\/DS.png\">\r\n                <!-- tatamiento version_horizontal -->\r\n                <img decoding=\"async\" class=\"shortcode__image\" alt=\"Alt de la imagen\" title=\"Title de la imagen\" src=\"\/wp-content\/uploads\/2023\/03\/DS.png\">\r\n            <\/picture>\r\n                    <div class=\"shortcode__container\" >\r\n              <div class=\"e-row\">\r\n                  <div class=\"e-col-xs-12 e-col-sm-12 e-col-md-7 e-col-lg-8\">\r\n                      <h2 class=\"shortcode__title\">Ap\u00fantate al M\u00e1ster de Digital Marketing 360<\/h2>\r\n                      <p class=\"shortcode__subtitle\">Enf\u00f3cate en potenciar las campa\u00f1as de marketing digital.<\/p>\r\n                  <\/div>\r\n                  <div class=\"e-col-xs-12 e-col-sm-12 e-col-md-5 e-col-lg-4 shortcode__button\">\r\n                      <a class=\"cta--dark -has-icon shortcode__cta\" href=\"\/master\/master-marketing-digital-online\/\" title=\"M\u00e1ster en Digital Marketing 360\" data-gtm-container=\"button_cta\" data-gtm-category=\"Ap\u00fantate al M\u00e1ster de Digital Marketing 360\" data-gtm-action=\"navigation\">M\u00e1ster en Digital Marketing 360                          <img decoding=\"async\" class=\"cta__icon shortcode__icon\" src=\"https:\/\/dks.digital\/wp-content\/themes\/edix\/images\/modules\/edx_arrow-right-white.svg\" alt=\"\">\r\n                      <\/a>\r\n                  <\/div>\r\n              <\/div>\r\n          <\/div>\r\n        <\/section>\r\n    <\/span><\/p>\n<h2>Herramientas y plataformas esenciales para potenciar tu branding personal<\/h2>\n<h3>LinkedIn: tu perfil profesional como carta de presentaci\u00f3n<\/h3>\n<p>Es la m\u00e1s conocida de todas, ya que te permite crear un perfil optimizado y posicionarte ante otros competidores. Esto logra gracias a que puedes realizar una descripci\u00f3n m\u00e1s certera y orientada a crear valor y contenido de calidad dentro de la red. Por otro lado, te permite interactuar con referentes dentro de este campo y conseguir conectar con otros profesionales.<\/p>\n<h3>Blogs y sitios web personales: tu centro de operaciones digital<\/h3>\n<p>Tener un espacio propio como un blog o web personal ayuda a mejorar tu autoridad. Aqu\u00ed puedes publicar art\u00edculos, reflexiones, recursos o proyectos que demuestren tu experiencia. De esta forma puedes conseguir una buena estrategia de comunicaci\u00f3n para mostrar los temas que te interesan o en los que te has especializado con mayor profundidad.<\/p>\n<h3>Redes sociales (Instagram, Twitter, YouTube): visibilidad y conexi\u00f3n<\/h3>\n<p>Hoy en d\u00eda casi todos los profesionales cuentan con <a href=\"https:\/\/dks.digital\/blog\/marketing\/social-media-manager-el-arquitecto-estrategico-detras-del-exito-de-una-marca-en-redes-sociales\/\">redes sociales<\/a> ya que te permiten mostrar otras dimensiones de tu marca profesional. Es decir, podr\u00e1s mostrar tus habilidades comunicativas, experiencias, capacidad divulgativa o creatividad a la hora de adaptar tu mensaje a distintos canales sin que este pierda coherencia.<\/p>\n<h3>Networking offline y eventos del sector<\/h3>\n<p>Aunque el branding personal tiene un componente digital muy fuerte, el contacto presencial sigue siendo insustituible, por lo que no descuides la asistencia a congresos, ferias o talleres para mejorar tus relaciones, generar confianza y consolidarte como un referente.<\/p>\n<h2>Errores comunes al construir tu branding personal y c\u00f3mo evitarlos<\/h2>\n<h3>La inautenticidad y la falta de coherencia<\/h3>\n<p>Intentar construir una marca que no coincide con tu personalidad real es uno de los fallos m\u00e1s comunes ya que la incoherencia se percibe, y deteriora la confianza. Referentes como <strong>Andr\u00e9s P\u00e9rez Ortega<\/strong> han insistido en que la marca personal no es maquillaje: es identidad expresada con estrategia.<\/p>\n<h3>No medir el impacto de tus acciones<\/h3>\n<p><strong>No sirve de nada publicar mucho si no analizas resultados<\/strong>, por lo que es imprescindible que seas capaz de medir el alcance, las interacciones, las solicitudes de contacto o las conversiones para poder ajustar tu estrategia. Sin m\u00e9tricas no hay evoluci\u00f3n.<\/p>\n<h3>Descuidar tu reputaci\u00f3n online<\/h3>\n<p><strong>Cada contenido que publicas o comentas deja huella<\/strong>, por lo que cuidar tu reputaci\u00f3n significa revisar lo que compartes, c\u00f3mo respondes y c\u00f3mo gestionas los conflictos. La reputaci\u00f3n es uno de los activos m\u00e1s sensibles en cualquier estrategia de marca personal, por lo que no est\u00e1 de m\u00e1s que le prestes una atenci\u00f3n m\u00e1s rigurosa.<\/p>\n","protected":false},"excerpt":{"rendered":"<p>\u00bfQuieres destacar en el mercado laboral a trav\u00e9s de tu propia marca y se\u00f1a de identidad? Al igual que ocurre con las marcas, tambi\u00e9n puedes conseguir posicionarte ante tus competidores a trav\u00e9s del personal branding. Te contamos en qu\u00e9 consiste y c\u00f3mo puedes lograrlo. \u00bfQu\u00e9 es el personal branding? Cuando hablamos de personal branding nos [&hellip;]<\/p>\n","protected":false},"author":521,"featured_media":82569,"comment_status":"closed","ping_status":"closed","sticky":false,"template":"","format":"standard","meta":{"_acf_changed":false,"footnotes":""},"categories":[414],"tags":[],"acf":[],"yoast_head":"<!-- This site is optimized with the Yoast SEO plugin v22.5 - https:\/\/yoast.com\/wordpress\/plugins\/seo\/ -->\n<title>Construye tu marca personal y destaca en el mercado laboral a trav\u00e9s del personal branding - DKS, tu centro de estudios especializado en internet<\/title>\n<link rel=\"canonical\" href=\"https:\/\/dks.digital\/mx\/blog\/marketing\/construye-tu-marca-personal-y-destaca-en-el-mercado-laboral-a-traves-del-personal-branding\/\" \/>\n<meta property=\"og:locale\" content=\"es_ES\" \/>\n<meta property=\"og:type\" content=\"article\" \/>\n<meta property=\"og:title\" content=\"Construye tu marca personal y destaca en el mercado laboral a trav\u00e9s del personal branding - DKS, tu centro de estudios especializado en internet\" \/>\n<meta property=\"og:description\" content=\"\u00bfQuieres destacar en el mercado laboral a trav\u00e9s de tu propia marca y se\u00f1a de identidad? Al igual que ocurre con las marcas, tambi\u00e9n puedes conseguir posicionarte ante tus competidores a trav\u00e9s del personal branding. Te contamos en qu\u00e9 consiste y c\u00f3mo puedes lograrlo. \u00bfQu\u00e9 es el personal branding? Cuando hablamos de personal branding nos [&hellip;]\" \/>\n<meta property=\"og:url\" content=\"https:\/\/dks.digital\/mx\/blog\/marketing\/construye-tu-marca-personal-y-destaca-en-el-mercado-laboral-a-traves-del-personal-branding\/\" \/>\n<meta property=\"og:site_name\" content=\"DKS, tu centro de estudios especializado en internet\" \/>\n<meta property=\"article:published_time\" content=\"2025-11-13T10:00:00+00:00\" \/>\n<meta name=\"author\" content=\"Julio Alberto Delgado\" \/>\n<meta name=\"twitter:card\" content=\"summary_large_image\" \/>\n<script type=\"application\/ld+json\" class=\"yoast-schema-graph\">{\"@context\":\"https:\/\/schema.org\",\"@graph\":[{\"@type\":\"Article\",\"@id\":\"https:\/\/dks.digital\/mx\/blog\/marketing\/construye-tu-marca-personal-y-destaca-en-el-mercado-laboral-a-traves-del-personal-branding\/#article\",\"isPartOf\":{\"@id\":\"https:\/\/dks.digital\/mx\/blog\/marketing\/construye-tu-marca-personal-y-destaca-en-el-mercado-laboral-a-traves-del-personal-branding\/\"},\"author\":{\"name\":\"Julio Alberto Delgado\",\"@id\":\"https:\/\/dks.digital\/mx\/#\/schema\/person\/05dd6497cf7f24aadcdde23502600feb\"},\"headline\":\"Construye tu marca personal y destaca en el mercado laboral a trav\u00e9s del personal branding\",\"datePublished\":\"2025-11-13T10:00:00+00:00\",\"dateModified\":\"2025-11-13T10:00:00+00:00\",\"mainEntityOfPage\":{\"@id\":\"https:\/\/dks.digital\/mx\/blog\/marketing\/construye-tu-marca-personal-y-destaca-en-el-mercado-laboral-a-traves-del-personal-branding\/\"},\"wordCount\":1407,\"publisher\":{\"@id\":\"https:\/\/dks.digital\/mx\/#organization\"},\"image\":{\"@id\":\"https:\/\/dks.digital\/mx\/blog\/marketing\/construye-tu-marca-personal-y-destaca-en-el-mercado-laboral-a-traves-del-personal-branding\/#primaryimage\"},\"thumbnailUrl\":\"https:\/\/dks.digital\/wp-content\/uploads\/2025\/11\/mujer-creando-su-propio-tablero-de-vision-scaled.jpg\",\"articleSection\":[\"Marketing\"],\"inLanguage\":\"es-MX\"},{\"@type\":\"WebPage\",\"@id\":\"https:\/\/dks.digital\/mx\/blog\/marketing\/construye-tu-marca-personal-y-destaca-en-el-mercado-laboral-a-traves-del-personal-branding\/\",\"url\":\"https:\/\/dks.digital\/mx\/blog\/marketing\/construye-tu-marca-personal-y-destaca-en-el-mercado-laboral-a-traves-del-personal-branding\/\",\"name\":\"Construye tu marca personal y destaca en el mercado laboral a trav\u00e9s del personal branding - DKS, tu centro de estudios especializado en internet\",\"isPartOf\":{\"@id\":\"https:\/\/dks.digital\/mx\/#website\"},\"primaryImageOfPage\":{\"@id\":\"https:\/\/dks.digital\/mx\/blog\/marketing\/construye-tu-marca-personal-y-destaca-en-el-mercado-laboral-a-traves-del-personal-branding\/#primaryimage\"},\"image\":{\"@id\":\"https:\/\/dks.digital\/mx\/blog\/marketing\/construye-tu-marca-personal-y-destaca-en-el-mercado-laboral-a-traves-del-personal-branding\/#primaryimage\"},\"thumbnailUrl\":\"https:\/\/dks.digital\/wp-content\/uploads\/2025\/11\/mujer-creando-su-propio-tablero-de-vision-scaled.jpg\",\"datePublished\":\"2025-11-13T10:00:00+00:00\",\"dateModified\":\"2025-11-13T10:00:00+00:00\",\"inLanguage\":\"es-MX\",\"potentialAction\":[{\"@type\":\"ReadAction\",\"target\":[\"https:\/\/dks.digital\/mx\/blog\/marketing\/construye-tu-marca-personal-y-destaca-en-el-mercado-laboral-a-traves-del-personal-branding\/\"]}]},{\"@type\":\"ImageObject\",\"inLanguage\":\"es-MX\",\"@id\":\"https:\/\/dks.digital\/mx\/blog\/marketing\/construye-tu-marca-personal-y-destaca-en-el-mercado-laboral-a-traves-del-personal-branding\/#primaryimage\",\"url\":\"https:\/\/dks.digital\/wp-content\/uploads\/2025\/11\/mujer-creando-su-propio-tablero-de-vision-scaled.jpg\",\"contentUrl\":\"https:\/\/dks.digital\/wp-content\/uploads\/2025\/11\/mujer-creando-su-propio-tablero-de-vision-scaled.jpg\",\"width\":2560,\"height\":1707},{\"@type\":\"WebSite\",\"@id\":\"https:\/\/dks.digital\/mx\/#website\",\"url\":\"https:\/\/dks.digital\/mx\/\",\"name\":\"DKS, tu centro de estudios especializado en internet\",\"description\":\"DKS, la escuela de los profesionales digitales desde hace m\u00e1s de 7 a\u00f1os\",\"publisher\":{\"@id\":\"https:\/\/dks.digital\/mx\/#organization\"},\"potentialAction\":[{\"@type\":\"SearchAction\",\"target\":{\"@type\":\"EntryPoint\",\"urlTemplate\":\"https:\/\/dks.digital\/mx\/?s={search_term_string}\"},\"query-input\":\"required name=search_term_string\"}],\"inLanguage\":\"es-MX\"},{\"@type\":\"Organization\",\"@id\":\"https:\/\/dks.digital\/mx\/#organization\",\"name\":\"DKS, tu centro de estudios especializado en internet\",\"url\":\"https:\/\/dks.digital\/mx\/\",\"logo\":{\"@type\":\"ImageObject\",\"inLanguage\":\"es-MX\",\"@id\":\"https:\/\/dks.digital\/mx\/#\/schema\/logo\/image\/\",\"url\":\"https:\/\/dks.digital\/wp-content\/uploads\/2025\/12\/cropped-cropped-favicon-ks.jpg\",\"contentUrl\":\"https:\/\/dks.digital\/wp-content\/uploads\/2025\/12\/cropped-cropped-favicon-ks.jpg\",\"width\":512,\"height\":512,\"caption\":\"DKS, tu centro de estudios especializado en internet\"},\"image\":{\"@id\":\"https:\/\/dks.digital\/mx\/#\/schema\/logo\/image\/\"}},{\"@type\":\"Person\",\"@id\":\"https:\/\/dks.digital\/mx\/#\/schema\/person\/05dd6497cf7f24aadcdde23502600feb\",\"name\":\"Julio Alberto Delgado\",\"image\":{\"@type\":\"ImageObject\",\"inLanguage\":\"es-MX\",\"@id\":\"https:\/\/dks.digital\/mx\/#\/schema\/person\/image\/\",\"url\":\"https:\/\/secure.gravatar.com\/avatar\/fee946e2676377093a0dbd7e9580cd2f?s=96&d=mm&r=g\",\"contentUrl\":\"https:\/\/secure.gravatar.com\/avatar\/fee946e2676377093a0dbd7e9580cd2f?s=96&d=mm&r=g\",\"caption\":\"Julio Alberto Delgado\"}}]}<\/script>\n<!-- \/ Yoast SEO plugin. -->","yoast_head_json":{"title":"Construye tu marca personal y destaca en el mercado laboral a trav\u00e9s del personal branding - DKS, tu centro de estudios especializado en internet","canonical":"https:\/\/dks.digital\/mx\/blog\/marketing\/construye-tu-marca-personal-y-destaca-en-el-mercado-laboral-a-traves-del-personal-branding\/","og_locale":"es_ES","og_type":"article","og_title":"Construye tu marca personal y destaca en el mercado laboral a trav\u00e9s del personal branding - DKS, tu centro de estudios especializado en internet","og_description":"\u00bfQuieres destacar en el mercado laboral a trav\u00e9s de tu propia marca y se\u00f1a de identidad? Al igual que ocurre con las marcas, tambi\u00e9n puedes conseguir posicionarte ante tus competidores a trav\u00e9s del personal branding. Te contamos en qu\u00e9 consiste y c\u00f3mo puedes lograrlo. \u00bfQu\u00e9 es el personal branding? Cuando hablamos de personal branding nos [&hellip;]","og_url":"https:\/\/dks.digital\/mx\/blog\/marketing\/construye-tu-marca-personal-y-destaca-en-el-mercado-laboral-a-traves-del-personal-branding\/","og_site_name":"DKS, tu centro de estudios especializado en internet","article_published_time":"2025-11-13T10:00:00+00:00","author":"Julio Alberto Delgado","twitter_card":"summary_large_image","schema":{"@context":"https:\/\/schema.org","@graph":[{"@type":"Article","@id":"https:\/\/dks.digital\/mx\/blog\/marketing\/construye-tu-marca-personal-y-destaca-en-el-mercado-laboral-a-traves-del-personal-branding\/#article","isPartOf":{"@id":"https:\/\/dks.digital\/mx\/blog\/marketing\/construye-tu-marca-personal-y-destaca-en-el-mercado-laboral-a-traves-del-personal-branding\/"},"author":{"name":"Julio Alberto Delgado","@id":"https:\/\/dks.digital\/mx\/#\/schema\/person\/05dd6497cf7f24aadcdde23502600feb"},"headline":"Construye tu marca personal y destaca en el mercado laboral a trav\u00e9s del personal branding","datePublished":"2025-11-13T10:00:00+00:00","dateModified":"2025-11-13T10:00:00+00:00","mainEntityOfPage":{"@id":"https:\/\/dks.digital\/mx\/blog\/marketing\/construye-tu-marca-personal-y-destaca-en-el-mercado-laboral-a-traves-del-personal-branding\/"},"wordCount":1407,"publisher":{"@id":"https:\/\/dks.digital\/mx\/#organization"},"image":{"@id":"https:\/\/dks.digital\/mx\/blog\/marketing\/construye-tu-marca-personal-y-destaca-en-el-mercado-laboral-a-traves-del-personal-branding\/#primaryimage"},"thumbnailUrl":"https:\/\/dks.digital\/wp-content\/uploads\/2025\/11\/mujer-creando-su-propio-tablero-de-vision-scaled.jpg","articleSection":["Marketing"],"inLanguage":"es-MX"},{"@type":"WebPage","@id":"https:\/\/dks.digital\/mx\/blog\/marketing\/construye-tu-marca-personal-y-destaca-en-el-mercado-laboral-a-traves-del-personal-branding\/","url":"https:\/\/dks.digital\/mx\/blog\/marketing\/construye-tu-marca-personal-y-destaca-en-el-mercado-laboral-a-traves-del-personal-branding\/","name":"Construye tu marca personal y destaca en el mercado laboral a trav\u00e9s del personal branding - DKS, tu centro de estudios especializado en internet","isPartOf":{"@id":"https:\/\/dks.digital\/mx\/#website"},"primaryImageOfPage":{"@id":"https:\/\/dks.digital\/mx\/blog\/marketing\/construye-tu-marca-personal-y-destaca-en-el-mercado-laboral-a-traves-del-personal-branding\/#primaryimage"},"image":{"@id":"https:\/\/dks.digital\/mx\/blog\/marketing\/construye-tu-marca-personal-y-destaca-en-el-mercado-laboral-a-traves-del-personal-branding\/#primaryimage"},"thumbnailUrl":"https:\/\/dks.digital\/wp-content\/uploads\/2025\/11\/mujer-creando-su-propio-tablero-de-vision-scaled.jpg","datePublished":"2025-11-13T10:00:00+00:00","dateModified":"2025-11-13T10:00:00+00:00","inLanguage":"es-MX","potentialAction":[{"@type":"ReadAction","target":["https:\/\/dks.digital\/mx\/blog\/marketing\/construye-tu-marca-personal-y-destaca-en-el-mercado-laboral-a-traves-del-personal-branding\/"]}]},{"@type":"ImageObject","inLanguage":"es-MX","@id":"https:\/\/dks.digital\/mx\/blog\/marketing\/construye-tu-marca-personal-y-destaca-en-el-mercado-laboral-a-traves-del-personal-branding\/#primaryimage","url":"https:\/\/dks.digital\/wp-content\/uploads\/2025\/11\/mujer-creando-su-propio-tablero-de-vision-scaled.jpg","contentUrl":"https:\/\/dks.digital\/wp-content\/uploads\/2025\/11\/mujer-creando-su-propio-tablero-de-vision-scaled.jpg","width":2560,"height":1707},{"@type":"WebSite","@id":"https:\/\/dks.digital\/mx\/#website","url":"https:\/\/dks.digital\/mx\/","name":"DKS, tu centro de estudios especializado en internet","description":"DKS, la escuela de los profesionales digitales desde hace m\u00e1s de 7 a\u00f1os","publisher":{"@id":"https:\/\/dks.digital\/mx\/#organization"},"potentialAction":[{"@type":"SearchAction","target":{"@type":"EntryPoint","urlTemplate":"https:\/\/dks.digital\/mx\/?s={search_term_string}"},"query-input":"required name=search_term_string"}],"inLanguage":"es-MX"},{"@type":"Organization","@id":"https:\/\/dks.digital\/mx\/#organization","name":"DKS, tu centro de estudios especializado en internet","url":"https:\/\/dks.digital\/mx\/","logo":{"@type":"ImageObject","inLanguage":"es-MX","@id":"https:\/\/dks.digital\/mx\/#\/schema\/logo\/image\/","url":"https:\/\/dks.digital\/wp-content\/uploads\/2025\/12\/cropped-cropped-favicon-ks.jpg","contentUrl":"https:\/\/dks.digital\/wp-content\/uploads\/2025\/12\/cropped-cropped-favicon-ks.jpg","width":512,"height":512,"caption":"DKS, tu centro de estudios especializado en internet"},"image":{"@id":"https:\/\/dks.digital\/mx\/#\/schema\/logo\/image\/"}},{"@type":"Person","@id":"https:\/\/dks.digital\/mx\/#\/schema\/person\/05dd6497cf7f24aadcdde23502600feb","name":"Julio Alberto Delgado","image":{"@type":"ImageObject","inLanguage":"es-MX","@id":"https:\/\/dks.digital\/mx\/#\/schema\/person\/image\/","url":"https:\/\/secure.gravatar.com\/avatar\/fee946e2676377093a0dbd7e9580cd2f?s=96&d=mm&r=g","contentUrl":"https:\/\/secure.gravatar.com\/avatar\/fee946e2676377093a0dbd7e9580cd2f?s=96&d=mm&r=g","caption":"Julio Alberto Delgado"}}]}},"_links":{"self":[{"href":"https:\/\/dks.digital\/mx\/wp-json\/wp\/v2\/posts\/82568"}],"collection":[{"href":"https:\/\/dks.digital\/mx\/wp-json\/wp\/v2\/posts"}],"about":[{"href":"https:\/\/dks.digital\/mx\/wp-json\/wp\/v2\/types\/post"}],"author":[{"embeddable":true,"href":"https:\/\/dks.digital\/mx\/wp-json\/wp\/v2\/users\/521"}],"replies":[{"embeddable":true,"href":"https:\/\/dks.digital\/mx\/wp-json\/wp\/v2\/comments?post=82568"}],"version-history":[{"count":0,"href":"https:\/\/dks.digital\/mx\/wp-json\/wp\/v2\/posts\/82568\/revisions"}],"wp:featuredmedia":[{"embeddable":true,"href":"https:\/\/dks.digital\/mx\/wp-json\/wp\/v2\/media\/82569"}],"wp:attachment":[{"href":"https:\/\/dks.digital\/mx\/wp-json\/wp\/v2\/media?parent=82568"}],"wp:term":[{"taxonomy":"category","embeddable":true,"href":"https:\/\/dks.digital\/mx\/wp-json\/wp\/v2\/categories?post=82568"},{"taxonomy":"post_tag","embeddable":true,"href":"https:\/\/dks.digital\/mx\/wp-json\/wp\/v2\/tags?post=82568"}],"curies":[{"name":"wp","href":"https:\/\/api.w.org\/{rel}","templated":true}]}}